{"id":29966,"date":"2024-08-25T16:04:37","date_gmt":"2024-08-25T14:04:37","guid":{"rendered":"http:\/\/pepinieres.eu\/appel-2024-illustration-bande-dessinee-litterature-graphique-residence-2025-tournefou-musee-camille-claudel\/"},"modified":"2024-10-02T11:53:00","modified_gmt":"2024-10-02T09:53:00","slug":"appel-2024-illustration-bande-dessinee-litterature-graphique-residence-2025-tournefou-musee-camille-claudel","status":"publish","type":"post","link":"http:\/\/pepinieres.eu\/en\/appel-2024-illustration-bande-dessinee-litterature-graphique-residence-2025-tournefou-musee-camille-claudel\/","title":{"rendered":"Appel 2024 | Illustration \/ bande dessin\u00e9e \/ litt\u00e9rature graphique &#8211; R\u00e9sidence 2025 | Tournefou &#8211; Mus\u00e9e Camille Claudel (Fr)"},"content":{"rendered":"<p>[et_pb_section fb_built=&#8221;1&#8243; module_class=&#8221;onlyFrench&#8221; _builder_version=&#8221;4.24.0&#8243; global_colors_info=&#8221;{}&#8221;][et_pb_row _builder_version=&#8221;4.16&#8243; background_size=&#8221;initial&#8221; background_position=&#8221;top_left&#8221; background_repeat=&#8221;repeat&#8221; global_colors_info=&#8221;{}&#8221;][et_pb_column type=&#8221;4_4&#8243; _builder_version=&#8221;4.16&#8243; custom_padding=&#8221;|||&#8221; global_colors_info=&#8221;{}&#8221; custom_padding__hover=&#8221;|||&#8221;][et_pb_text admin_label=&#8221;TextCallHead&#8221; module_class=&#8221;TextCallHead&#8221; _builder_version=&#8221;4.24.0&#8243; z_index_tablet=&#8221;500&#8243; text_text_shadow_horizontal_length_tablet=&#8221;0px&#8221; text_text_shadow_vertical_length_tablet=&#8221;0px&#8221; text_text_shadow_blur_strength_tablet=&#8221;1px&#8221; link_text_shadow_horizontal_length_tablet=&#8221;0px&#8221; link_text_shadow_vertical_length_tablet=&#8221;0px&#8221; link_text_shadow_blur_strength_tablet=&#8221;1px&#8221; ul_text_shadow_horizontal_length_tablet=&#8221;0px&#8221; ul_text_shadow_vertical_length_tablet=&#8221;0px&#8221; ul_text_shadow_blur_strength_tablet=&#8221;1px&#8221; ol_text_shadow_horizontal_length_tablet=&#8221;0px&#8221; ol_text_shadow_vertical_length_tablet=&#8221;0px&#8221; ol_text_shadow_blur_strength_tablet=&#8221;1px&#8221; quote_text_shadow_horizontal_length_tablet=&#8221;0px&#8221; quote_text_shadow_vertical_length_tablet=&#8221;0px&#8221; quote_text_shadow_blur_strength_tablet=&#8221;1px&#8221; header_text_shadow_horizontal_length_tablet=&#8221;0px&#8221; header_text_shadow_vertical_length_tablet=&#8221;0px&#8221; header_text_shadow_blur_strength_tablet=&#8221;1px&#8221; header_2_text_shadow_horizontal_length_tablet=&#8221;0px&#8221; header_2_text_shadow_vertical_length_tablet=&#8221;0px&#8221; header_2_text_shadow_blur_strength_tablet=&#8221;1px&#8221; header_3_text_shadow_horizontal_length_tablet=&#8221;0px&#8221; header_3_text_shadow_vertical_length_tablet=&#8221;0px&#8221; header_3_text_shadow_blur_strength_tablet=&#8221;1px&#8221; header_4_text_shadow_horizontal_length_tablet=&#8221;0px&#8221; header_4_text_shadow_vertical_length_tablet=&#8221;0px&#8221; header_4_text_shadow_blur_strength_tablet=&#8221;1px&#8221; header_5_text_shadow_horizontal_length_tablet=&#8221;0px&#8221; header_5_text_shadow_vertical_length_tablet=&#8221;0px&#8221; header_5_text_shadow_blur_strength_tablet=&#8221;1px&#8221; header_6_text_shadow_horizontal_length_tablet=&#8221;0px&#8221; header_6_text_shadow_vertical_length_tablet=&#8221;0px&#8221; header_6_text_shadow_blur_strength_tablet=&#8221;1px&#8221; box_shadow_horizontal_tablet=&#8221;0px&#8221; box_shadow_vertical_tablet=&#8221;0px&#8221; box_shadow_blur_tablet=&#8221;40px&#8221; box_shadow_spread_tablet=&#8221;0px&#8221; border_style=&#8221;solid&#8221; saved_tabs=&#8221;all&#8221; global_colors_info=&#8221;{}&#8221;]<\/p>\n<p>Les European Pepinieres of Creation soutienne l&#8217;appel \u00e0 candidature de l&#8217;Association Tournefou et du Mus\u00e9e Camille Claudel pour une r\u00e9sidence artistique de deux mois (avril \u00e0 juin 2025), s&#8217;adressant aux artistes professionnels comme aux artistes \u00e9mergents travaillant dans le domaine de l\u2019illustration, la bande dessin\u00e9e, la litt\u00e9rature graphique.<\/p>\n<p><strong>Montant de la bourse <\/strong><\/p>\n<ul>\n<li>Bourse de r\u00e9sidence 2000\u20ac<\/li>\n<li>500\u20ac max. &#8211; frais mat\u00e9riel<\/li>\n<li>H\u00e9bergement en pension compl\u00e8te \u00e0 l\u2019association Tournefou avec atelier de cr\u00e9ation d&#8217;une valeur 2 500 \u20ac<\/li>\n<\/ul>\n<p><strong>Date limite de d\u00e9p\u00f4t : 11 octobre 2024<br \/><\/strong><\/p>\n<p>[\/et_pb_text][et_pb_countdown_timer date_time=&#8221;2024-10-11 23:59&#8243; module_class=&#8221;post-call-deadline&#8221; _builder_version=&#8221;4.24.0&#8243; use_background_color=&#8221;off&#8221; background_layout=&#8221;light&#8221; saved_tabs=&#8221;all&#8221; global_colors_info=&#8221;{}&#8221;]&nbsp;[\/et_pb_countdown_timer][\/et_pb_column][\/et_pb_row][et_pb_row column_structure=&#8221;1_2,1_2&#8243; _builder_version=&#8221;4.17.4&#8243; _module_preset=&#8221;default&#8221; global_colors_info=&#8221;{}&#8221;][et_pb_column type=&#8221;1_2&#8243; _builder_version=&#8221;4.17.4&#8243; _module_preset=&#8221;default&#8221; global_colors_info=&#8221;{}&#8221;][et_pb_image src=&#8221;http:\/\/pepinieres.eu\/wp-content\/uploads\/2023\/08\/Association-tournefou-parc-avec-residences-artistes-Banner.jpg&#8221; title_text=&#8221;Association-tournefou-parc-avec-residences-artistes-Banner&#8221; _builder_version=&#8221;4.17.4&#8243; _module_preset=&#8221;default&#8221; global_colors_info=&#8221;{}&#8221;][\/et_pb_image][\/et_pb_column][et_pb_column type=&#8221;1_2&#8243; _builder_version=&#8221;4.17.4&#8243; _module_preset=&#8221;default&#8221; global_colors_info=&#8221;{}&#8221;][et_pb_image src=&#8221;http:\/\/pepinieres.eu\/wp-content\/uploads\/2023\/08\/Musee_Camille_Claudel-Banner-windows-1.jpg&#8221; title_text=&#8221;Musee_Camille_Claudel-Banner-windows&#8221; admin_label=&#8221;Image&#8221; _builder_version=&#8221;4.17.4&#8243; _module_preset=&#8221;default&#8221; global_colors_info=&#8221;{}&#8221;][\/et_pb_image][\/et_pb_column][\/et_pb_row][et_pb_row _builder_version=&#8221;4.16&#8243; background_size=&#8221;initial&#8221; background_position=&#8221;top_left&#8221; background_repeat=&#8221;repeat&#8221; global_colors_info=&#8221;{}&#8221;][et_pb_column type=&#8221;4_4&#8243; _builder_version=&#8221;4.16&#8243; custom_padding=&#8221;|||&#8221; global_colors_info=&#8221;{}&#8221; custom_padding__hover=&#8221;|||&#8221;][et_pb_text _builder_version=&#8221;4.24.0&#8243; border_style=&#8221;solid&#8221; global_colors_info=&#8221;{}&#8221;]<\/p>\n<p>Cette re\u0301sidence est destine\u0301e a\u0300 une ou un illustrateur, l\u2019artiste devra proposer un travail de cre\u0301ation original associant la cre\u0301ation contemporaine a\u0300 l\u2019histoire de l\u2019art de la fin du XIXe et du de\u0301but du XXe sie\u0300cle. S\u2019inspirant des deux sites de sa re\u0301sidence, le Tournefou et le muse\u0301e Camille Claudel, ainsi que du territoire, il devra e\u0301tablir un paralle\u0300le entre les artistes d\u2019hier et ceux d\u2019aujourd\u2019hui, entre les collections du muse\u0301e et son propre regard.<\/p>\n<p>L\u2019objectif de la re\u0301sidence sera de conduire un travail de cre\u0301ation original et d\u2019y associer le public par le biais des pre\u0301sentations suivantes :<\/p>\n<ul>\n<li>une me\u0301diation avec le public au muse\u0301e Camille Claudel,<\/li>\n<li>une me\u0301diation avec le public a\u0300 l\u2019association Tournefou,<\/li>\n<li>en fin de re\u0301sidence, une pre\u0301sentation du travail re\u0301alise\u0301 au muse\u0301e Camille Claudel.<\/li>\n<\/ul>\n<p><strong>Domaines d\u2019expression de la r\u00e9sidence<\/strong><\/p>\n<ul>\n<li>illustration<\/li>\n<li>bande dessine\u0301e<\/li>\n<li>litte\u0301rature graphique<\/li>\n<\/ul>\n<p><strong>Agenda P\u00e9riode de r\u00e9sidence<\/strong><\/p>\n<ul>\n<li>du 23 avril au 23 juin 2025<\/li>\n<\/ul>\n<p><strong>Conditions<br \/><\/strong><\/p>\n<ul>\n<li>H\u00e9bergement en pension compl\u00e8te \u00e0 l\u2019association Tournefou (valeur 2500 euros) avec atelier de cr\u00e9ation de 35m\u00b2 et studio ind\u00e9pendant, ou chambre individuelle, avec kitchenette \u00e0 partager avec un r\u00e9sident.<\/li>\n<li>Bourse de r\u00e9sidence d\u2019un montant TTC de 2000 \u20ac (incluant la cession de droits de pr\u00e9sentation de fin de r\u00e9sidence, les deux m\u00e9diations, ces trois actions feront l\u2019objet d\u2019un contrat sp\u00e9cifique).<\/li>\n<li>Frais de mat\u00e9riel pris en charge \u00e0 hauteur de 500 \u20ac<\/li>\n<li>Le ou la laur\u00e9ate se verra \u00e9galement attribuer cette ann\u00e9e une bourse compl\u00e9mentaire des European Pepinieres of Creation d\u2019un montant de 500 \u20ac TTC.<\/li>\n<\/ul>\n<p><strong>\u00c9ligibilit\u00e9<\/strong><\/p>\n<ul>\n<li>La r\u00e9sidence s\u2019adresse aux artistes professionnels comme aux artistes \u00e9mergents travaillant dans le domaine de la cr\u00e9ation sonore : musique, son, voix, bruitage, du plus traditionnel au plus exp\u00e9rimental.<\/li>\n<li>Le candidat doit \u00eatre motiv\u00e9 et faire preuve d\u2019une sensibilit\u00e9 \u00e0 la transmission et \u00e0 la p\u00e9dagogie. Il doit ma\u00eetriser la langue fran\u00e7aise.<\/li>\n<li>L\u2019artiste doit \u00eatre v\u00e9hicul\u00e9.<\/li>\n<\/ul>\n<p>[\/et_pb_text][\/et_pb_column][\/et_pb_row][et_pb_row _builder_version=&#8221;4.16&#8243; background_size=&#8221;initial&#8221; background_position=&#8221;top_left&#8221; background_repeat=&#8221;repeat&#8221; global_colors_info=&#8221;{}&#8221;][et_pb_column type=&#8221;4_4&#8243; _builder_version=&#8221;4.16&#8243; custom_padding=&#8221;|||&#8221; global_colors_info=&#8221;{}&#8221; custom_padding__hover=&#8221;|||&#8221;][et_pb_text admin_label=&#8221;Texte Info Prod&#8221; module_class=&#8221;post-txt post-txt-info&#8221; _builder_version=&#8221;4.24.0&#8243; border_style=&#8221;solid&#8221; saved_tabs=&#8221;all&#8221; global_colors_info=&#8221;{}&#8221;]<\/p>\n<p><strong>Infos<\/strong><\/p>\n<ul>\n<li>Deadline : 11.10.2024<\/li>\n<li><a href=\"http:\/\/pepinieres.eu\/wp-content\/uploads\/2024\/09\/Appel_a_Participation-Residence-Illustration-CAMILLE_CLAUDEL-Tournefou-2024.pdf\" target=\"_blank\" rel=\"noopener\">T\u00e9l\u00e9charger l&#8217;appel au format PDF<\/a><\/li>\n<li><a href=\"https:\/\/www.association-tournefou.com\/les-residences\/\" target=\"_blank\" rel=\"noopener noreferrer\">En savoir plus sur les r\u00e9sidences de l&#8217;association Tournefou<\/a><\/li>\n<\/ul>\n<p><strong>Production<\/strong><\/p>\n<ul>\n<li>La r\u00e9sidence est port\u00e9e d\u2019une part par la Ville de Nogent-sur-Seine et le mus\u00e9e Camille Claudel, consacr\u00e9 \u00e0 la sculpture de la fin du XIXe et du d\u00e9but du XXe si\u00e8cle et \u00e0 l\u2019\u0153uvre de Camille Claudel, d\u2019autre part par l\u2019association Tournefou \u00e0 P\u00e2lis, centre artistique et culturel et lieu de r\u00e9sidence privil\u00e9gi\u00e9. Cette r\u00e9sidence re\u00e7oit \u00e9galement le soutien de Transcultures et des European Pepinieres of Creation, du Conseil D\u00e9partemental de l\u2019Aube, et de m\u00e9c\u00e9nats priv\u00e9s.<\/li>\n<li><a href=\"http:\/\/association-tournefou.com\" target=\"_blank\" rel=\"noopener noreferrer\">association-tournefou.com<\/a>\u00a0&#8211; <a href=\"http:\/\/museecamilleclaudel.fr\" target=\"_blank\" rel=\"noopener noreferrer\">museecamilleclaudel.fr<\/a> &#8211; <a href=\"http:\/\/nogentsurseine.fr\" target=\"_blank\" rel=\"noopener noreferrer\">nogentsurseine.fr<\/a><\/li>\n<li>L&#8217;association Tournefou re\u00e7oit en outre le soutien : du <a href=\"https:\/\/www.aube.fr\/\" target=\"_blank\" rel=\"noopener noreferrer\">Conseil D\u00e9partement de l\u2019Aube<\/a>, de la <a href=\"https:\/\/www.cdc-pays-othe.fr\/\" target=\"_blank\" rel=\"noopener noreferrer\">Communaut\u00e9 de Communes du Pays d\u2019Othe Aixois<\/a>, de la <a href=\"https:\/\/aixvillemaurpalis.jimdofree.com\/\" target=\"_blank\" rel=\"noopener noreferrer\">commune Aix-Villemaur-P\u00e2lis<\/a>, de la <a href=\"https:\/\/www.champagne-benoit-tassin.com\/\" target=\"_blank\" rel=\"noopener noreferrer\">Maison de Champagne Benoit Tassin<\/a>, de la <a href=\"https:\/\/delacroix-fleurs.fr\/\" target=\"_blank\" rel=\"noopener noreferrer\">Maison Delacroix Fleurs<\/a> et de <a href=\"https:\/\/eg-imprimeur.com\/\" target=\"_blank\" rel=\"noopener noreferrer\">EG Imprimeur<\/a>.<\/li>\n<\/ul>\n<p>&nbsp;<\/p>\n<p>[\/et_pb_text][\/et_pb_column][\/et_pb_row][et_pb_row module_class=&#8221;eventBloc&#8221; _builder_version=&#8221;4.24.0&#8243; background_size=&#8221;initial&#8221; background_position=&#8221;top_left&#8221; background_repeat=&#8221;repeat&#8221; global_colors_info=&#8221;{}&#8221;][et_pb_column type=&#8221;4_4&#8243; _builder_version=&#8221;4.16&#8243; custom_padding=&#8221;|||&#8221; global_colors_info=&#8221;{}&#8221; custom_padding__hover=&#8221;|||&#8221;][et_pb_text module_class=&#8221;titleBloc&#8221; _builder_version=&#8221;4.24.0&#8243; border_style=&#8221;solid&#8221; global_colors_info=&#8221;{}&#8221;]<\/p>\n<p>Autres r\u00e9sidences propos\u00e9e par l&#8217;association Tournefou<\/p>\n<p>[\/et_pb_text][et_pb_image src=&#8221;http:\/\/pepinieres.eu\/wp-content\/uploads\/2024\/08\/Appel_a_Participation_2024-Residence-Luciole-Banner-Tournefou-2025.jpg&#8221; title_text=&#8221;Appel_a_Participation_2024-Residence-Luciole-Banner-Tournefou-2025&#8243; url=&#8221;https:\/\/www.association-tournefou.com\/wp-content\/uploads\/2024\/07\/LUCIOLE.pdf&#8221; module_class=&#8221;img80&#8243; _builder_version=&#8221;4.24.0&#8243; _module_preset=&#8221;default&#8221; custom_padding=&#8221;||10px|||&#8221; border_width_all=&#8221;1px&#8221; border_color_all=&#8221;#000000&#8243; global_colors_info=&#8221;{}&#8221;][\/et_pb_image][et_pb_image src=&#8221;http:\/\/pepinieres.eu\/wp-content\/uploads\/2024\/08\/Appel_a_Participation_2024-Residence-Tarkovsky-Banner-Tournefou-2025.jpg&#8221; title_text=&#8221;Appel_a_Participation_2024-Residence-Tarkovsky-Banner-Tournefou-2025&#8243; url=&#8221;https:\/\/www.association-tournefou.com\/wp-content\/uploads\/2024\/07\/TARKOVSKI.pdf&#8221; module_class=&#8221;img80&#8243; _builder_version=&#8221;4.24.0&#8243; _module_preset=&#8221;default&#8221; custom_padding=&#8221;||12px|||&#8221; border_width_all=&#8221;1px&#8221; border_color_all=&#8221;#000000&#8243; global_colors_info=&#8221;{}&#8221;][\/et_pb_image][et_pb_image src=&#8221;http:\/\/pepinieres.eu\/wp-content\/uploads\/2024\/08\/Appel_a_Participation_2024-Residence-Arbre-Banner-Tournefou-2025.jpg&#8221; title_text=&#8221;Appel_a_Participation_2024-Residence-Arbre-Banner-Tournefou-2025&#8243; url=&#8221;https:\/\/www.association-tournefou.com\/wp-content\/uploads\/2024\/07\/ARBRE.pdf&#8221; module_class=&#8221;img80&#8243; _builder_version=&#8221;4.24.0&#8243; _module_preset=&#8221;default&#8221; border_width_all=&#8221;1px&#8221; border_color_all=&#8221;#000000&#8243; global_colors_info=&#8221;{}&#8221;][\/et_pb_image][\/et_pb_column][\/et_pb_row][et_pb_row admin_label=&#8221;Tournefou \/ Claudel Bio&#8221; _builder_version=&#8221;4.16&#8243; z_index_tablet=&#8221;500&#8243; box_shadow_horizontal_tablet=&#8221;0px&#8221; box_shadow_vertical_tablet=&#8221;0px&#8221; box_shadow_blur_tablet=&#8221;40px&#8221; box_shadow_spread_tablet=&#8221;0px&#8221; global_module=&#8221;29861&#8243; saved_tabs=&#8221;all&#8221; global_colors_info=&#8221;{}&#8221;][et_pb_column type=&#8221;4_4&#8243; _builder_version=&#8221;4.16&#8243; custom_padding=&#8221;|||&#8221; global_colors_info=&#8221;{}&#8221; custom_padding__hover=&#8221;|||&#8221;][et_pb_text admin_label=&#8221;text residence&#8221; module_class=&#8221;eventBloc&#8221; _builder_version=&#8221;4.24.0&#8243; z_index_tablet=&#8221;500&#8243; text_text_shadow_horizontal_length_tablet=&#8221;0px&#8221; text_text_shadow_vertical_length_tablet=&#8221;0px&#8221; text_text_shadow_blur_strength_tablet=&#8221;1px&#8221; link_text_shadow_horizontal_length_tablet=&#8221;0px&#8221; link_text_shadow_vertical_length_tablet=&#8221;0px&#8221; link_text_shadow_blur_strength_tablet=&#8221;1px&#8221; ul_text_shadow_horizontal_length_tablet=&#8221;0px&#8221; ul_text_shadow_vertical_length_tablet=&#8221;0px&#8221; ul_text_shadow_blur_strength_tablet=&#8221;1px&#8221; ol_text_shadow_horizontal_length_tablet=&#8221;0px&#8221; ol_text_shadow_vertical_length_tablet=&#8221;0px&#8221; ol_text_shadow_blur_strength_tablet=&#8221;1px&#8221; quote_text_shadow_horizontal_length_tablet=&#8221;0px&#8221; quote_text_shadow_vertical_length_tablet=&#8221;0px&#8221; quote_text_shadow_blur_strength_tablet=&#8221;1px&#8221; header_text_shadow_horizontal_length_tablet=&#8221;0px&#8221; header_text_shadow_vertical_length_tablet=&#8221;0px&#8221; header_text_shadow_blur_strength_tablet=&#8221;1px&#8221; header_2_text_shadow_horizontal_length_tablet=&#8221;0px&#8221; header_2_text_shadow_vertical_length_tablet=&#8221;0px&#8221; header_2_text_shadow_blur_strength_tablet=&#8221;1px&#8221; header_3_text_shadow_horizontal_length_tablet=&#8221;0px&#8221; header_3_text_shadow_vertical_length_tablet=&#8221;0px&#8221; header_3_text_shadow_blur_strength_tablet=&#8221;1px&#8221; header_4_text_shadow_horizontal_length_tablet=&#8221;0px&#8221; header_4_text_shadow_vertical_length_tablet=&#8221;0px&#8221; header_4_text_shadow_blur_strength_tablet=&#8221;1px&#8221; header_5_text_shadow_horizontal_length_tablet=&#8221;0px&#8221; header_5_text_shadow_vertical_length_tablet=&#8221;0px&#8221; header_5_text_shadow_blur_strength_tablet=&#8221;1px&#8221; header_6_text_shadow_horizontal_length_tablet=&#8221;0px&#8221; header_6_text_shadow_vertical_length_tablet=&#8221;0px&#8221; header_6_text_shadow_blur_strength_tablet=&#8221;1px&#8221; box_shadow_horizontal_tablet=&#8221;0px&#8221; box_shadow_vertical_tablet=&#8221;0px&#8221; box_shadow_blur_tablet=&#8221;40px&#8221; box_shadow_spread_tablet=&#8221;0px&#8221; border_style=&#8221;solid&#8221; global_colors_info=&#8221;{}&#8221;]<\/p>\n<h6><strong>L\u2019association Tournefou<\/strong><\/h6>\n<p><img loading=\"lazy\" decoding=\"async\" class=\"wp-image-26847 alignnone size-full\" src=\"http:\/\/pepinieres.eu\/wp-content\/uploads\/2023\/08\/Domaine-du-tournefou-Banner3-thin-1.jpg\" alt=\"\" width=\"1400\" height=\"355\" srcset=\"http:\/\/pepinieres.eu\/wp-content\/uploads\/2023\/08\/Domaine-du-tournefou-Banner3-thin-1.jpg 1400w, http:\/\/pepinieres.eu\/wp-content\/uploads\/2023\/08\/Domaine-du-tournefou-Banner3-thin-1-1280x325.jpg 1280w, http:\/\/pepinieres.eu\/wp-content\/uploads\/2023\/08\/Domaine-du-tournefou-Banner3-thin-1-980x249.jpg 980w, http:\/\/pepinieres.eu\/wp-content\/uploads\/2023\/08\/Domaine-du-tournefou-Banner3-thin-1-480x122.jpg 480w\" sizes=\"auto, (min-width: 0px) and (max-width: 480px) 480px, (min-width: 481px) and (max-width: 980px) 980px, (min-width: 981px) and (max-width: 1280px) 1280px, (min-width: 1281px) 1400px, 100vw\" \/><\/p>\n<p>Lieu d\u2019art pluridisciplinaire de r\u00e9sidences, d\u2019expositions et de m\u00e9diations, l\u2019association Tournefou propose un ensemble d\u2019activit\u00e9s qui s\u2019adressent \u00e0 toute personne d\u00e8s l\u2019enfance, comme l\u2019atelier de pratiques artistiques \u00e0 partir de six ans.<\/p>\n<p>Ses beaux b\u00e2timents champenois du dix-huiti\u00e8me si\u00e8cle, son parc arbor\u00e9, s\u2019associent naturellement \u00e0 une action artistique et culturelle d\u2019excellence en milieu rural, favorisant de v\u00e9ritables rencontres, source d\u2019initiatives, de lien social et de d\u00e9veloppement. Pour cela une \u00e9quipe d\u2019animateurs, de formateurs et d\u2019artistes \u0153uvrent ensemble dans ce lieu de cr\u00e9ation r\u00e9solument po\u00e9tique au service des personnes.<\/p>\n<p>Un programme de r\u00e9sidences d\u2019artistes est actualis\u00e9 chaque ann\u00e9e, une partie \u00e9tant r\u00e9serv\u00e9 \u00e0 des appels \u00e0 projet sp\u00e9cifiques, notamment dans le cadre de partenariat (Mus\u00e9e Camille Claudel de Nogent-sur-Seine, Centre Renoir d\u2019Essoyes\u2026). L\u2019association travaille \u00e9galement en collaboration avec diff\u00e9rentes collectivit\u00e9s \u00e0 destination de jeunes publics (Centres de Loisirs, \u00e9coles, associations\u2026), et de publics seniors ou emp\u00each\u00e9s (EHPAD \u2026 etc), autour d\u2019un projet artistique sp\u00e9cifique. Aux entreprises, elle propose son exp\u00e9rience en mati\u00e8re de formation et de cr\u00e9ation, accueillant des s\u00e9minaires, organisant les \u00e9changes avec des artistes.<\/p>\n<p>Situ\u00e9 dans le village de P\u00e2lis dans l\u2019Aube (10190 Aix-Villemaur-P\u00e2lis), pr\u00e8s de Troyes, \u00e0 1h30 de Paris, L\u2019Association Tournefou, comprend un ancien corps de ferme restaur\u00e9, datant du XVIIIe si\u00e8cle,. Dans le prolongement de cette ancienne ferme champenoise, le b\u00e2timent des r\u00e9sidences d\u2019artistes, construit en 2015 dans des mat\u00e9riaux respectueux de l\u2019environnement, s\u2019inspire de l\u2019architecture traditionnelle de la r\u00e9gion. La beaut\u00e9 de ce patrimoine d\u00e9di\u00e9 \u00e0 l\u2019art et \u00e0 la culture en fait un endroit de visite appr\u00e9ci\u00e9, et recommand\u00e9 par les offices de tourisme.<\/p>\n<p>L\u2019association Tournefou est agr\u00e9e au titre de la Jeunesse et de l\u2019Education Populaire.<\/p>\n<blockquote>\n<p><a href=\"https:\/\/www.association-tournefou.com\" target=\"_blank\" rel=\"noopener\">association-tournefou.com<\/a><\/p>\n<\/blockquote>\n<h6><strong>Mus\u00e9e Camille Claudel<\/strong><\/h6>\n<p><img loading=\"lazy\" decoding=\"async\" class=\"wp-image-26845 alignnone size-full\" src=\"http:\/\/pepinieres.eu\/wp-content\/uploads\/2023\/08\/musee_Camille_claudel-exterieur-Banner.jpg\" alt=\"\" width=\"1600\" height=\"400\" srcset=\"http:\/\/pepinieres.eu\/wp-content\/uploads\/2023\/08\/musee_Camille_claudel-exterieur-Banner.jpg 1600w, http:\/\/pepinieres.eu\/wp-content\/uploads\/2023\/08\/musee_Camille_claudel-exterieur-Banner-1280x320.jpg 1280w, http:\/\/pepinieres.eu\/wp-content\/uploads\/2023\/08\/musee_Camille_claudel-exterieur-Banner-980x245.jpg 980w, http:\/\/pepinieres.eu\/wp-content\/uploads\/2023\/08\/musee_Camille_claudel-exterieur-Banner-480x120.jpg 480w\" sizes=\"auto, (min-width: 0px) and (max-width: 480px) 480px, (min-width: 481px) and (max-width: 980px) 980px, (min-width: 981px) and (max-width: 1280px) 1280px, (min-width: 1281px) 1600px, 100vw\" \/><\/p>\n<p>Le projet culturel du mus\u00e9e Camille Claudel s&#8217;appuie sur la singularit\u00e9 du parcours de visite qui ouvre sur de multiples axes d\u2019investigation autour de la sculpture et de la confrontation avec les \u0153uvres, avec cet art du volume et de l\u2019espace qu\u2019est la sculpture.<\/p>\n<p>Qu\u2019elle soit historique, technique, artistique, esth\u00e9tique, culturelle, anecdotique, litt\u00e9raire ou sociologique, chaque approche aiguise la curiosit\u00e9, raconte une histoire, apprend \u00e0 regarder la sculpture, \u00e0 la d\u00e9crypter, et par-del\u00e0 ouvre sur le langage du corps, la sc\u00e9nographie de l\u2019ombre et la lumi\u00e8re, la po\u00e9sie ou le spectacle vivant. On retrouve dans l\u2019auditorium, qui offre une vue panoramique sur Nogent-sur-Seine, des conf\u00e9rences, lectures, projections, spectacles vivants.<\/p>\n<p>Centr\u00e9 sur la sculpture au temps de Camille Claudel, le mus\u00e9e souhaite \u00eatre le lieu privil\u00e9gi\u00e9 de l\u2019exp\u00e9rience sensible.\u00a0Il propose des visites comment\u00e9es et des audioguides apportant un \u00e9clairage compl\u00e9mentaire. Ces derniers sont con\u00e7us dans un esprit de libert\u00e9 et de convivialit\u00e9 pour que chacun puisse faire la visite \u00e0 son rythme en \u00e9coutant le commentaire qui lui convient, seul, en famille ou entre amis.<\/p>\n<p>Des audiophones compatibles avec les contenus audiovisuels du mus\u00e9e sont mis \u00e0 la disposition des professionnels du tourisme et des enseignants apr\u00e8s l\u2019obtention d\u2019un \u00ab droit de parole \u00bb leur permettant de conduire la visite comment\u00e9e de leur groupe.<\/p>\n<p>Le mus\u00e9e Camille Claudel est largement tourn\u00e9 vers le public scolaire gr\u00e2ce \u00e0 un partenariat avec la DRAC Grand Est et l\u2019Education nationale. Des visites th\u00e9matiques et des ateliers de pratique artistique adapt\u00e9s au primaire, au coll\u00e8ge et au lyc\u00e9e sont organis\u00e9s. Dans un esprit de dialogue, le service des publics est \u00e0 la disposition des enseignants pour mettre en place des actions sp\u00e9cifiques o\u00f9 les ressources du mus\u00e9e peuvent enrichir leurs objectifs p\u00e9dagogiques.<\/p>\n<blockquote>\n<p><a href=\"http:\/\/museecamilleclaudel.fr\" target=\"_blank\" rel=\"noopener noreferrer\">museecamilleclaudel.fr<\/a><\/p>\n<\/blockquote>\n<p>[\/et_pb_text][\/et_pb_column][\/et_pb_row][\/et_pb_section]<\/p>\n","protected":false},"excerpt":{"rendered":"<p>Les P\u00e9pini\u00e8res Europ\u00e9ennes de Cr\u00e9ation soutienne l&#8217;appel \u00e0 candidature de l&#8217;Association Tournefou et du Mus\u00e9e Camille Claudel pour une r\u00e9sidence artistique de deux mois (avril \u00e0 juin 2025), s&#8217;adressant aux artistes professionnels comme aux artistes \u00e9mergents travaillant dans le domaine de l\u2019illustration, la bande dessin\u00e9e, la litt\u00e9rature graphique. Montant de la bourse Bourse de r\u00e9sidence [&hellip;]<\/p>\n","protected":false},"author":1,"featured_media":30192,"comment_status":"closed","ping_status":"closed","sticky":false,"template":"","format":"standard","meta":{"_et_pb_use_builder":"on","_et_pb_old_content":"<p>[spb_text_block pb_margin_bottom=\"no\" pb_border_bottom=\"no\" el_class=\"post-text-content\" width=\"1\/1\" el_position=\"first last\"]<\/p><p>Appel \u00c0 Candidatures : P\u00e9pini\u00e8res Europ\u00e9ennes de Cr\u00e9ation - Domaine Du Tournefou | R\u00e9sidence d'artiste \u00e0 P\u00e2lis - Arts photographiques | Deadline : 31\/12\/2018<\/p><p>Conditions de la R\u00e9sidence offertes \u00e0 l\u2019artiste :<\/p><p>\u27bd H\u00e9bergement en pension compl\u00e8te au Domaine du Tournefou : atelier de cr\u00e9ation de 35m\u00b2 et studio ind\u00e9pendant ou chambre individuelle avec kitchenette, salon et salle \u00e0 manger \u00e0 partager avec un artiste r\u00e9sident. L\u2019artiste aura \u00e9galement la possibilit\u00e9 de s\u00e9journer \u00e0 la conciergerie du ch\u00e2teau d\u2019Essoyes lors de ses d\u00e9placements sur le site.<br \/>\u27bd Bourse de cr\u00e9ation : 1000 \u20ac (incluant les droits de monstration pour l\u2019exposition)<br \/>\u27bd Production de l\u2019exposition : sur la base de 18 tirages au format 40x50 cm (modifiable) avec encadrements pris en charge par l\u2019atelier de photographie Philippe Brame (<a href=\"http:\/\/www.philippebrame.com\" target=\"_blank\" rel=\"noopener\">www.philippebrame.com<\/a>)<br \/>\u27bd Transport de l\u2019artiste, un A\/R de son domicile \u00e0 la r\u00e9sidence prise en charge, 2 A\/R du lieu de r\u00e9sidence \u00e0 Essoyes.<br \/>\u27bd Si l\u2019artiste n\u2019est pas v\u00e9hicul\u00e9, possibilit\u00e9 d\u2019organiser ses d\u00e9placements avec la r\u00e9sidence (covoiturage ou transport, frais \u00e0 la charge de l\u2019artiste).<\/p><p>[\/spb_text_block] [blank_spacer height=\"30px\" width=\"1\/1\" el_position=\"first last\"] [spb_text_block title=\"Informations\" pb_margin_bottom=\"no\" pb_border_bottom=\"no\" el_class=\"post-informations\" width=\"1\/2\" el_position=\"first\"]<\/p><p>[list]<\/p><p>[list_item icon=\"fa-calendar\"]Deadline : 31\/12\/2018[\/list_item]<\/p><p>[list_item icon=\"ss-signpost\"]Domaine Du Tournefou[\/list_item]<\/p><p>[list_item icon=\"ss-globe\"]P\u00e2lis[\/list_item]<\/p><p>[list_item icon=\"ss-share\"]<a href=\"http:\/\/pepinieres.eu\/tournefou2018\">pepinieres.eu\/<wbr \/>tournefou2018<\/a> - <a href=\"http:\/\/domainedutournefou.com\" target=\"_blank\" rel=\"noopener\">domainedutournefou.com<\/a>[\/list_item]<\/p><p>[\/list]<\/p><p>[\/spb_text_block] [spb_text_block title=\"Production\" pb_margin_bottom=\"no\" pb_border_bottom=\"no\" el_class=\"post-prod\" width=\"1\/2\" el_position=\"last\"]<\/p><p>La r\u00e9sidence est port\u00e9e par la municipalit\u00e9 d\u2019Essoyes, le Centre Culturel Renoir et le Domaine du Tournefou \u00e0 P\u00e2lis dans l\u2019Aube, Centre artistique et culturel et lieu de r\u00e9sidence privil\u00e9gi\u00e9. En partenariat avec les P\u00e9pini\u00e8res Europ\u00e9ennes de Cr\u00e9ation.<\/p><p>[\/spb_text_block] [blank_spacer height=\"30px\" width=\"1\/1\" el_position=\"first last\"] [spb_gmaps title=\"Plan\" address=\"4 Rue Tournefou, 10190 Palis, France\" size=\"300\" type=\"roadmap\" zoom=\"14\" saturation=\"color\" fullscreen=\"yes\" el_class=\"post-map\" width=\"1\/1\" el_position=\"first last\"]<\/p><div id=\"ConnectiveDocSignExtentionInstalled\" data-extension-version=\"1.0.4\">\u00a0<\/div>","_et_gb_content_width":"","footnotes":""},"categories":[31,97,121,245,104,111,317,315,2,117,174],"tags":[],"class_list":["post-29966","post","type-post","status-publish","format-standard","has-post-thumbnail","hentry","category-all-news-en","category-agenda-en","category-calls-en","category-comic-en","category-europe-en","category-france-en","category-graphism-en","category-illustration-en","category-news-en","category-residencies-en","category-writing-en"],"_links":{"self":[{"href":"http:\/\/pepinieres.eu\/en\/wp-json\/wp\/v2\/posts\/29966","targetHints":{"allow":["GET"]}}],"collection":[{"href":"http:\/\/pepinieres.eu\/en\/wp-json\/wp\/v2\/posts"}],"about":[{"href":"http:\/\/pepinieres.eu\/en\/wp-json\/wp\/v2\/types\/post"}],"author":[{"embeddable":true,"href":"http:\/\/pepinieres.eu\/en\/wp-json\/wp\/v2\/users\/1"}],"replies":[{"embeddable":true,"href":"http:\/\/pepinieres.eu\/en\/wp-json\/wp\/v2\/comments?post=29966"}],"version-history":[{"count":3,"href":"http:\/\/pepinieres.eu\/en\/wp-json\/wp\/v2\/posts\/29966\/revisions"}],"predecessor-version":[{"id":30193,"href":"http:\/\/pepinieres.eu\/en\/wp-json\/wp\/v2\/posts\/29966\/revisions\/30193"}],"wp:featuredmedia":[{"embeddable":true,"href":"http:\/\/pepinieres.eu\/en\/wp-json\/wp\/v2\/media\/30192"}],"wp:attachment":[{"href":"http:\/\/pepinieres.eu\/en\/wp-json\/wp\/v2\/media?parent=29966"}],"wp:term":[{"taxonomy":"category","embeddable":true,"href":"http:\/\/pepinieres.eu\/en\/wp-json\/wp\/v2\/categories?post=29966"},{"taxonomy":"post_tag","embeddable":true,"href":"http:\/\/pepinieres.eu\/en\/wp-json\/wp\/v2\/tags?post=29966"}],"curies":[{"name":"wp","href":"https:\/\/api.w.org\/{rel}","templated":true}]}}