{"id":23479,"date":"2022-07-25T08:57:39","date_gmt":"2022-07-25T06:57:39","guid":{"rendered":"http:\/\/pepinieres.eu\/?p=23479"},"modified":"2022-08-08T18:07:59","modified_gmt":"2022-08-08T16:07:59","slug":"uzupis-summer-day-of-culture-republique-duzupis-vilnius-2","status":"publish","type":"post","link":"http:\/\/pepinieres.eu\/en\/uzupis-summer-day-of-culture-republique-duzupis-vilnius-2\/","title":{"rendered":"06.08.2022 | U\u017eupis&#8217; Summer Day of Culture | R\u00e9publique d&#8217;U\u017eupis &#8211; Vilnius (Lt)"},"content":{"rendered":"<p>[et_pb_section fb_built=&#8221;1&#8243; _builder_version=&#8221;4.16&#8243; global_colors_info=&#8221;{}&#8221;][et_pb_row _builder_version=&#8221;4.16&#8243; global_colors_info=&#8221;{}&#8221;][et_pb_column type=&#8221;4_4&#8243; _builder_version=&#8221;4.16&#8243; custom_padding=&#8221;|||&#8221; global_colors_info=&#8221;{}&#8221; custom_padding__hover=&#8221;|||&#8221;][et_pb_text module_class=&#8221;post-txt&#8221; _builder_version=&#8221;4.17.4&#8243; hover_enabled=&#8221;0&#8243; border_style=&#8221;solid&#8221; global_colors_info=&#8221;{}&#8221; sticky_enabled=&#8221;0&#8243;]<\/p>\n<p>After a first collaboration with the Republic of U\u017eupis in 2021, the European Pepinieres of Creation continue their partnership in 2022 on several events, including this new edition of the U\u017eupio Vasaros Kult\u016bros Diena (U\u017eupis&#8217; Summer Day of Culture) with more than 20 artistic activities welcomed by as many partners spread over all the territory.<\/p>\n<p>The U\u017eupis Republic was declared in 1998 in the old town of Vilnius, in a run-down and undesirable district of the capital of Lithuania by a community of artists. With a population of circa 7,000, the micronation is an independent, self-declared republic \u2013 and partly recognised by other countries. U\u017eupis has its own president, prime minister and ministers, a flag (actually &#8211; 4 flags, for each season), its own local currency and a tongue-in-cheek constitution, found on a public wall, translated into more than 40 languages. The Republic is a rare island of community, self-governance, art with a sense of lightness and fun, that has been governed successfully for over 20 years.<\/p>\n<blockquote>\n<p>U\u017eupis is a Cultural Space.<br \/>It gets visitors from Vilnius as well as domestic and international tourists.<br \/>If you take a look at the Vilnius city advertisements U\u017eupis is one of the first places recommended by the Vilnius Municipality and one of the main tourist sights for tourists coming to Vilnius, constantly contributing to this image.<br \/>Lot of city guides take the tourists here and show only main locations such as the bridge, the art incubator, the Parliament caf\u00e9, Angel, Constitution prospect &#8211; and that&#8217;s it.<\/p>\n<p>U\u017eupis is way bigger than that.<br \/>To change the &#8220;shortlist approach&#8221; and show that Uzupis is full of differencied Culture the U\u017eupis Summer Day of Culture was created.<br \/>It is now a traditional celebration, happening every year on the first Saturday of August under the Summer flag of the Republic, which drives people around the whole district and shows galleries and different people who contribute to U\u017eupis all around the area.<br \/>Every hour there is a new location where events are happening, so visitors can walk over and see that U\u017eupis is not about just three or four places.<\/p>\n<\/blockquote>\n<p>&nbsp;<\/p>\n<p>[\/et_pb_text][et_pb_toggle title=&#8221;Program&#8221; _builder_version=&#8221;4.17.4&#8243; _module_preset=&#8221;default&#8221; hover_enabled=&#8221;0&#8243; global_colors_info=&#8221;{}&#8221; sticky_enabled=&#8221;0&#8243;]<\/p>\n<ul>\n<li aria-level=\"1\">11:00 &#8211; Polocko g. 17 &#8211; THE ROOM galerija &#8211; Inos Budryt\u0117s, Egl\u0117s Gineityt\u0117s, Lino Leono Katino (1941\u20132020) ir Egl\u0117s Vertelkait\u0117s grupin\u0117 paroda \u201ePRA\u017dYDUSI KRAUJU\u201c, skiriama Ukrainai paremti. Galerijos darbo laikas 11:00-15:00.<\/li>\n<li aria-level=\"1\">11:30 &#8211; Polocko g. 10 &#8211; AP Galerija &#8211; Nijol\u0117s Vilutien\u0117s paroda HORIZONTO LINIJA NEPASIEKIAMA. U\u017eupio renginio dien\u0105 lankymas visiems nemokamas. Galerijos darbo laikas 11:00-19:30.<\/li>\n<li aria-level=\"1\">12:00 &#8211; Mal\u016bn\u0173 g. 8 &#8211; Jono Meko Vizuali\u0173j\u0173 Men\u0173 Centras &#8211; Audiovizualin\u0117 instaliacija &#8220;Jonas Mekas&#8230;i\u0161 ar\u010diau ir i\u0161 toliau&#8230;&#8221;. Lankytojus pasitiks gid\u0117 Laima Kreivyt\u0117 ir papasakos apie parod\u0105. Galerijos darbo laikas 12:00-17:00.<\/li>\n<li aria-level=\"1\">12:00 &#8211; U\u017eupio g. 1 &#8211; U\u017eupio 1 postas &#8211; Border Control &#8211; Gra\u017eiausi U\u017eupio atvirukai: paroda-pardavimas. Pasienio posto darbo laikas 12:00-18:00.<\/li>\n<li aria-level=\"1\">13:00 &#8211; U\u017eupio g. 2A &#8211; U\u017eupio Meno Inkubatorius &#8211; Monikos Motiekait\u0117s-Naru\u0161evi\u010dien\u0117s paroda &#8220;T\u0117km\u0117&#8221;. Galerijos darbo laikas 12:00-18:00.<\/li>\n<li aria-level=\"1\">13:30 &#8211; U\u017eupio g. 2A &#8211; Abijum keramika \/ U\u017eupio Meno Inkubatorius &#8211; susitikimas su menininke Migl\u0117 Grigutyt\u0117.<\/li>\n<li aria-level=\"1\">Studijos darbo laikas 13:00-17:00.<\/li>\n<li aria-level=\"1\">14:00 &#8211; Jono Meko skersv\u0117jis \/ U\u017eupio g. 24 &#8211; Yugen Tea &#8211; U\u017eupio kult\u016bros diena su Yugen Tea su japoni\u0161kos arbatos aromatais!<\/li>\n<li aria-level=\"1\">14:00 &#8211; U\u017eupio g. 2A &#8211; U\u017eupio Meno Inkubatorius &#8211; Skambantis bonsai \u2013 Hasan Alp Celikel garso skulpt\u016bros atidarymas.<\/li>\n<li aria-level=\"1\">14:30 &#8211; Mal\u016bn\u0173 g. 6 &#8211; meno erdv\u0117 &#8220;GOD\u00d2 galerija&#8221; &#8211; susitikimas su menininke Kristina Asinus jos personalin\u0117je tapybos parodoje \u201eGird\u017eiu, kaip v\u0117jui r\u016bpi \u017eem\u0117&#8221;. Galerijos darbo laikas 12:00-18:00.<\/li>\n<li aria-level=\"1\">15:00 &#8211; U\u017eupio g. 2A &#8211; U\u017eupio Meno Inkubatorius &#8211; Muzikos instrument\u0173 dirbtuves ir Jam session UMI terasoje.<\/li>\n<li aria-level=\"1\">15:30 &#8211; U\u017eupio g. 14 &#8211; Kanapin\u0117 Krautuv\u0117 &#8211; Mini pokalbis apie kanapi\u0173 kult\u016br\u0105.<\/li>\n<li aria-level=\"1\">16:00 &#8211; Paupio g. 5 \/ BAUBAS &#8211; Atvira metalo meno studija &#8211; susitikimas su menininke su Vita Puk\u0161tait\u0117-Bru\u017e\u0117. Studijos darbo laikas 13:00-18:00.<\/li>\n<li aria-level=\"1\">16:00 &#8211; U\u017eupio g. 2 &#8211; U\u017eupio kavin\u0117 &#8211; Poezijos skaitymai &#8211; Hanna Pauk\u0161t\u0117, Anna Dovbah ir Rasa Gendvilyte.<\/li>\n<li aria-level=\"1\">17:00 &#8211; U\u017eupio g. 2 &#8211; Baltic Shamans &#8211; Garso ir meno shamanizmas.<\/li>\n<li aria-level=\"1\">17:30 &#8211; U\u017eupio g. 38 &#8211; Kmynin\u0117 \/ U\u017eupio skveras &#8211; Pastghoster live \/ semiacoustic.<\/li>\n<li aria-level=\"1\">18:00 &#8211; U\u017eupio g. 9 &#8211; Coffee1 &amp; \u0160punka \/ Angelo aik\u0161t\u0117 &#8211; Jazz set.<\/li>\n<li aria-level=\"1\">19:00 &#8211; U\u017eupio g. 2A &#8211; U\u017eupio Meno Inkubatorius &#8211; &#8220;Sea K&#8221; \u2013 sonopoetinis performansas pagal Jack Kerouac poem\u0105 &#8220;J\u016bra&#8221;.<\/li>\n<li aria-level=\"1\">19:30 &#8211; U\u017eupio g. 2A &#8211; U\u017eupio Meno Inkubatorius &#8211; Paradise Now \/ City Sonic Mix (sound art live environment) with Philippe Franck.<\/li>\n<li aria-level=\"1\">20:00 &#8211; U\u017eupio g. 4 &#8211; Devink\u0117 &#8211; Jonas Martynas Gilys (xFaktorius).<\/li>\n<li aria-level=\"1\">20:00 &#8211; U\u017eupio g. 2A &#8211; Studija Abodu \/ U\u017eupio Meno Inkubatorius &#8211; susitikimas su menininke Aurelija \u0160imkut\u0117.<\/li>\n<li aria-level=\"1\">21:00 &#8211; Mal\u016bn\u0173 g. 4 &#8211; Kitas Kampas kavin\u0117-baras &#8211; DJ T\u0117vas \u2013 Kirilas Glu\u0161ajevas.<\/li>\n<\/ul>\n<p>[\/et_pb_toggle][et_pb_image src=&#8221;http:\/\/pepinieres.eu\/wp-content\/uploads\/2021\/08\/Nepriklausoma_Uzupio_Respublika-Credits_Oscar_W_Rasson.jpg&#8221; title_text=&#8221;Nepriklausoma_Uzupio_Respublika-Credits_Oscar_W_Rasson&#8221; module_class=&#8221;img50Inline&#8221; _builder_version=&#8221;4.16&#8243; _module_preset=&#8221;default&#8221; global_colors_info=&#8221;{}&#8221;][\/et_pb_image][et_pb_image src=&#8221;http:\/\/pepinieres.eu\/wp-content\/uploads\/2021\/08\/Lithuania_Vilnius_Uzupis_Summer_Day_of_Culture-Visual4-Pepinieres_Europeenes_de_Creation-Transcultures-2021-1.jpg&#8221; title_text=&#8221;Lithuania_Vilnius_Uzupis_Summer_Day_of_Culture-Visual4-Pepinieres_Europeenes_de_Creation-Transcultures-2021&#8243; module_class=&#8221;img50Inline&#8221; _builder_version=&#8221;4.16&#8243; _module_preset=&#8221;default&#8221; global_colors_info=&#8221;{}&#8221;][\/et_pb_image][et_pb_image src=&#8221;http:\/\/pepinieres.eu\/wp-content\/uploads\/2021\/08\/Lithuania_Vilnius_Uzupis_Summer_Day_of_Culture-Visual2-Pepinieres_Europeenes_de_Creation-Transcultures-2021-1.jpg&#8221; title_text=&#8221;Lithuania_Vilnius_Uzupis_Summer_Day_of_Culture-Visual2-Pepinieres_Europeenes_de_Creation-Transcultures-2021&#8243; module_class=&#8221;img50Inline&#8221; _builder_version=&#8221;4.16&#8243; _module_preset=&#8221;default&#8221; global_colors_info=&#8221;{}&#8221;][\/et_pb_image][et_pb_image src=&#8221;http:\/\/pepinieres.eu\/wp-content\/uploads\/2021\/08\/Lithuania_Vilnius_Uzupis_Summer_Day_of_Culture-Visual3-Pepinieres_Europeenes_de_Creation-Transcultures-2021-1.jpg&#8221; title_text=&#8221;Lithuania_Vilnius_Uzupis_Summer_Day_of_Culture-Visual3-Pepinieres_Europeenes_de_Creation-Transcultures-2021&#8243; module_class=&#8221;img50Inline&#8221; _builder_version=&#8221;4.16&#8243; _module_preset=&#8221;default&#8221; global_colors_info=&#8221;{}&#8221;][\/et_pb_image][et_pb_image src=&#8221;http:\/\/pepinieres.eu\/wp-content\/uploads\/2021\/08\/Lithuania_Vilnius_Uzupis_Summer_Day_of_Culture-Visual10-Pepinieres_Europeenes_de_Creation-Transcultures-2021.jpg&#8221; title_text=&#8221;Lithuania_Vilnius_Uzupis_Summer_Day_of_Culture-Visual10-Pepinieres_Europeenes_de_Creation-Transcultures-2021&#8243; module_class=&#8221;img50Inline&#8221; _builder_version=&#8221;4.16&#8243; _module_preset=&#8221;default&#8221; global_colors_info=&#8221;{}&#8221;][\/et_pb_image][et_pb_image src=&#8221;http:\/\/pepinieres.eu\/wp-content\/uploads\/2021\/08\/Lithuania_Vilnius_Uzupis_Summer_Day_of_Culture-Visual11-Pepinieres_Europeenes_de_Creation-Transcultures-2021.jpg&#8221; title_text=&#8221;Lithuania_Vilnius_Uzupis_Summer_Day_of_Culture-Visual11-Pepinieres_Europeenes_de_Creation-Transcultures-2021&#8243; module_class=&#8221;img50Inline&#8221; _builder_version=&#8221;4.16&#8243; _module_preset=&#8221;default&#8221; global_colors_info=&#8221;{}&#8221;][\/et_pb_image][et_pb_image src=&#8221;http:\/\/pepinieres.eu\/wp-content\/uploads\/2021\/08\/Lithuania_Vilnius_Uzupis_Summer_Day_of_Culture-Visual7-Pepinieres_Europeenes_de_Creation-Transcultures-2021.jpg&#8221; title_text=&#8221;Lithuania_Vilnius_Uzupis_Summer_Day_of_Culture-Visual7-Pepinieres_Europeenes_de_Creation-Transcultures-2021&#8243; module_class=&#8221;img50Inline&#8221; _builder_version=&#8221;4.16&#8243; _module_preset=&#8221;default&#8221; global_colors_info=&#8221;{}&#8221;][\/et_pb_image][et_pb_image src=&#8221;http:\/\/pepinieres.eu\/wp-content\/uploads\/2021\/08\/Lithuania_Vilnius_Uzupis_Summer_Day_of_Culture-Visual8-Pepinieres_Europeenes_de_Creation-Transcultures-2021.jpg&#8221; title_text=&#8221;Lithuania_Vilnius_Uzupis_Summer_Day_of_Culture-Visual8-Pepinieres_Europeenes_de_Creation-Transcultures-2021&#8243; module_class=&#8221;img50Inline&#8221; _builder_version=&#8221;4.16&#8243; _module_preset=&#8221;default&#8221; global_colors_info=&#8221;{}&#8221;][\/et_pb_image][et_pb_image src=&#8221;http:\/\/pepinieres.eu\/wp-content\/uploads\/2021\/08\/Lithuania_Vilnius_Uzupis_Summer_Day_of_Culture-Visual6-Pepinieres_Europeenes_de_Creation-Transcultures-2021.jpg&#8221; title_text=&#8221;Lithuania_Vilnius_Uzupis_Summer_Day_of_Culture-Visual6-Pepinieres_Europeenes_de_Creation-Transcultures-2021&#8243; module_class=&#8221;img50Inline&#8221; _builder_version=&#8221;4.16&#8243; _module_preset=&#8221;default&#8221; global_colors_info=&#8221;{}&#8221;][\/et_pb_image][et_pb_image src=&#8221;http:\/\/pepinieres.eu\/wp-content\/uploads\/2021\/08\/Lithuania_Vilnius_Uzupis_Summer_Day_of_Culture-Visual9-Pepinieres_Europeenes_de_Creation-Transcultures-2021.jpg&#8221; title_text=&#8221;Lithuania_Vilnius_Uzupis_Summer_Day_of_Culture-Visual9-Pepinieres_Europeenes_de_Creation-Transcultures-2021&#8243; module_class=&#8221;img50Inline&#8221; _builder_version=&#8221;4.16&#8243; _module_preset=&#8221;default&#8221; global_colors_info=&#8221;{}&#8221;][\/et_pb_image][et_pb_image src=&#8221;http:\/\/pepinieres.eu\/wp-content\/uploads\/2021\/08\/Lithuania_Vilnius_Uzupis_Summer_Day_of_Culture-Visual13-Pepinieres_Europeenes_de_Creation-Transcultures-2021-1.jpg&#8221; title_text=&#8221;Lithuania_Vilnius_Uzupis_Summer_Day_of_Culture-Visual13-Pepinieres_Europeenes_de_Creation-Transcultures-2021&#8243; module_class=&#8221;img50Inline&#8221; _builder_version=&#8221;4.16&#8243; _module_preset=&#8221;default&#8221; global_colors_info=&#8221;{}&#8221;][\/et_pb_image][et_pb_image src=&#8221;http:\/\/pepinieres.eu\/wp-content\/uploads\/2021\/08\/Lithuania_Vilnius_Uzupis_Summer_Day_of_Culture-Visual12-Pepinieres_Europeenes_de_Creation-Transcultures-2021-1.jpg&#8221; title_text=&#8221;Lithuania_Vilnius_Uzupis_Summer_Day_of_Culture-Visual12-Pepinieres_Europeenes_de_Creation-Transcultures-2021&#8243; module_class=&#8221;img50Inline&#8221; _builder_version=&#8221;4.16&#8243; _module_preset=&#8221;default&#8221; global_colors_info=&#8221;{}&#8221;][\/et_pb_image][et_pb_text admin_label=&#8221;Texte Info Prod&#8221; module_class=&#8221;post-txt post-txt-info&#8221; _builder_version=&#8221;4.17.4&#8243; hover_enabled=&#8221;0&#8243; border_style=&#8221;solid&#8221; saved_tabs=&#8221;all&#8221; global_colors_info=&#8221;{}&#8221; sticky_enabled=&#8221;0&#8243;]<\/p>\n<p><strong>Infos<\/strong><\/p>\n<ul>\n<li>06.08.2022<\/li>\n<li>R\u00e9publique d\u2019U\u017eupis<\/li>\n<li>Vilnius Lituanie<\/li>\n<li>Free entrance<\/li>\n<li><a href=\"http:\/\/uzupis.e-gov.lt\" target=\"_blank\" rel=\"noopener\">uzupis.e-gov.lt<\/a><\/li>\n<\/ul>\n<p><strong>Production<\/strong><\/p>\n<ul>\n<li>The author of the idea and the main organizer of the U\u017eupis&#8217; Summer Day of Culture : <a href=\"https:\/\/www.fayr.org\/gleb-divov\/\" target=\"_blank\" rel=\"noopener\">Gleb Divov<\/a> \u2013 the Minister of Culture and Innovations of the Republic of U\u017eupis.<\/li>\n<li>U\u017eupis&#8217; Summer Day of Culture is traditionally solely organized by the Ministry of Culture and Innovations of the Republic of U\u017eupis and the Republic of U\u017eupis. In partnership with European Pepinieres of Creation and Transcultures<\/li>\n<\/ul>\n<p>[\/et_pb_text][et_pb_image src=&#8221;http:\/\/pepinieres.eu\/wp-content\/uploads\/2022\/08\/Lithuania_Vilnius_Uzupis_Summer_Day_of_Culture-Partner_Banner-Pepinieres_Europeenes_de_Creation-Transcultures-2021.jpg&#8221; title_text=&#8221;Lithuania_Vilnius_Uzupis_Summer_Day_of_Culture-Partner_Banner-Pepinieres_Europeenes_de_Creation-Transcultures-2021&#8243; _builder_version=&#8221;4.17.4&#8243; _module_preset=&#8221;default&#8221; global_colors_info=&#8221;{}&#8221;][\/et_pb_image][\/et_pb_column][\/et_pb_row][\/et_pb_section]<\/p>\n","protected":false},"excerpt":{"rendered":"<p>After a first collaboration with the Republic of U\u017eupis in 2021, the European Pepinieres of Creation continue their partnership in 2022 on several events, including this new edition of the U\u017eupio Vasaros Kult\u016bros Diena (U\u017eupis&#8217; Summer Day of Culture) with more than 20 artistic activities welcomed by as many partners spread over all the territory. [&hellip;]<\/p>\n","protected":false},"author":1,"featured_media":23489,"comment_status":"closed","ping_status":"closed","sticky":false,"template":"","format":"standard","meta":{"_et_pb_use_builder":"on","_et_pb_old_content":"","_et_gb_content_width":"","footnotes":""},"categories":[31,247,97,106,107,240,211,2,116,241],"tags":[],"class_list":["post-23479","post","type-post","status-publish","format-standard","has-post-thumbnail","hentry","category-all-news-en","category-2022-en","category-agenda-en","category-festivals-en","category-international-en","category-lithuania-en","category-multidisciplinary-en","category-news-en","category-production-en","category-uzupis-en"],"_links":{"self":[{"href":"http:\/\/pepinieres.eu\/en\/wp-json\/wp\/v2\/posts\/23479","targetHints":{"allow":["GET"]}}],"collection":[{"href":"http:\/\/pepinieres.eu\/en\/wp-json\/wp\/v2\/posts"}],"about":[{"href":"http:\/\/pepinieres.eu\/en\/wp-json\/wp\/v2\/types\/post"}],"author":[{"embeddable":true,"href":"http:\/\/pepinieres.eu\/en\/wp-json\/wp\/v2\/users\/1"}],"replies":[{"embeddable":true,"href":"http:\/\/pepinieres.eu\/en\/wp-json\/wp\/v2\/comments?post=23479"}],"version-history":[{"count":3,"href":"http:\/\/pepinieres.eu\/en\/wp-json\/wp\/v2\/posts\/23479\/revisions"}],"predecessor-version":[{"id":23522,"href":"http:\/\/pepinieres.eu\/en\/wp-json\/wp\/v2\/posts\/23479\/revisions\/23522"}],"wp:featuredmedia":[{"embeddable":true,"href":"http:\/\/pepinieres.eu\/en\/wp-json\/wp\/v2\/media\/23489"}],"wp:attachment":[{"href":"http:\/\/pepinieres.eu\/en\/wp-json\/wp\/v2\/media?parent=23479"}],"wp:term":[{"taxonomy":"category","embeddable":true,"href":"http:\/\/pepinieres.eu\/en\/wp-json\/wp\/v2\/categories?post=23479"},{"taxonomy":"post_tag","embeddable":true,"href":"http:\/\/pepinieres.eu\/en\/wp-json\/wp\/v2\/tags?post=23479"}],"curies":[{"name":"wp","href":"https:\/\/api.w.org\/{rel}","templated":true}]}}