{"id":20938,"date":"2021-08-01T11:54:22","date_gmt":"2021-08-01T09:54:22","guid":{"rendered":"http:\/\/pepinieres.eu\/uzupis-summer-day-de-la-culture-vilnius-lt\/"},"modified":"2021-08-21T13:06:33","modified_gmt":"2021-08-21T11:06:33","slug":"uzupis-summer-day-of-culture-republique-duzupis-vilnius","status":"publish","type":"post","link":"http:\/\/pepinieres.eu\/en\/uzupis-summer-day-of-culture-republique-duzupis-vilnius\/","title":{"rendered":"07.08.2021 | U\u017eupis&#8217; Summer Day of Culture | R\u00e9publique d&#8217;U\u017eupis &#8211; Vilnius (Lt)"},"content":{"rendered":"<p>[et_pb_section fb_built=&#8221;1&#8243; _builder_version=&#8221;3.22&#8243;][et_pb_row _builder_version=&#8221;3.25&#8243;][et_pb_column type=&#8221;4_4&#8243; _builder_version=&#8221;3.25&#8243; custom_padding=&#8221;|||&#8221; custom_padding__hover=&#8221;|||&#8221;][et_pb_text module_class=&#8221;post-txt&#8221; _builder_version=&#8221;4.9.0&#8243; hover_enabled=&#8221;0&#8243; border_style=&#8221;solid&#8221; sticky_enabled=&#8221;0&#8243;]<\/p>\n<p>The European Pepinieres of Creation are proud to announce their first partnership with the Republic of U\u017eupis. Do you know that the Republic of U\u017eupis has a Summer flag with a sunlit yellow handpalm? <br \/>Let&#8217;s start like this &#8211; do you know what the Republic of Uzupis is?<\/p>\n<p>The U\u017eupis Republic was declared in 1998 in the old town of Vilnius, in a run-down and undesirable district of the capital of Lithuania by a community of artists. <br \/>With a population of circa 7,000, the micronation is an independent, self-declared republic \u2013 and partly recognised by other countries. <br \/>U\u017eupis has its own president, prime minister and ministers, a flag (actually &#8211; 4 flags, for each season), its own local currency and a tongue-in-cheek constitution, found on a public wall, translated into more than 40 languages. <br \/>The Republic is a rare island of community, self-governance, art with a sense of lightness and fun, that has been governed successfully for over 20 years.<\/p>\n<p>U\u017eupis is a Cultural Space. <br \/>It gets visitors from Vilnius as well as domestic and international tourists. <br \/>If you take a look at the Vilnius city advertisements U\u017eupis is one of the first places recommended by the Vilnius Municipality and one of the main tourist sights for tourists coming to Vilnius, constantly contributing to this image.<br \/>Lot of city guides take the tourists here and show only main locations such as the bridge, the art incubator, the Parliament caf\u00e9, Angel, Constitution prospect &#8211; and that&#8217;s it.<\/p>\n<p>U\u017eupis is way bigger than that.<br \/>To change the &#8220;shortlist approach&#8221; and show that Uzupis is full of Culture we created the U\u017eupis Summer Day of Culture. <br \/>It is now a traditional celebration, happening every year on the first Saturday of August under the Summer flag of the Republic, which drives people around the whole district and shows galleries and different people who contribute to U\u017eupis all around the area. <br \/>Every hour there is a new location where events are happening, so visitors can walk over and see that U\u017eupis is not about just three or four places.<\/p>\n<p>In 2021, on 7th of August &#8211; U\u017eupis full of summer culture again!<br \/>During the day there are stunning 28 events in multiple locations, beginning with Human Grand Opening with Gong Meditation and Grand Final with Artificial Intelligence, Lights and FX!<\/p>\n<p>&nbsp;<\/p>\n<p>[\/et_pb_text][et_pb_toggle title=&#8221;Program&#8221; _builder_version=&#8221;4.9.0&#8243; _module_preset=&#8221;default&#8221; hover_enabled=&#8221;0&#8243; sticky_enabled=&#8221;0&#8243;]<\/p>\n<h5>General<\/h5>\n<p>12:00 \u2013 Altana hill \/ Hill of Gediminas&#8217; Grave \u2013 Alexey Sapiego \u2013 sacred sound performance \u2013 Grand opening with Gongs live.<\/p>\n<p>12:00 \u2013 Krivi\u0173 43A \u2013 Visual &amp; Voice \u2013 Creative practice.<br \/>Registration: https:\/\/fb.me\/e\/PIYhbQiL<\/p>\n<p>13:00 \u2013 U\u017eupio 9 \u2013 \u0160punka\/The Angel of U\u017eupis Square \u2013 music performance \u2013 Mantas and Girmant\u0117 live.<\/p>\n<p>13:00 \u2013 Krivi\u0173 43A \u2013 Communal cooking session \u2013 visual food.<\/p>\n<p>14:00 \u2013 Mal\u016bn\u0173 6a \u2013 GoDo Gallery \u2013 exhibition \u2013 meet the author.<\/p>\n<p>14:00 \u2013 Krivi\u0173 43A \u2013 Poetry therapy. &#8220;Melos&#8221; \u2013 by Tomas \u010cepaitis.<br \/>Registration: https:\/\/fb.me\/e\/1N3BzSfB1<\/p>\n<p>15:00 \u2013 U\u017eupio 9 \u2013 Coffee1 \u2013 music performance \u2013 Bloga Kat\u0117 live.<\/p>\n<p>16:00 \u2013 U\u017eupio 1 \u2013 Border Post \u2013 Drawing. Plein air.<br \/>Participation: 10 EUR.<br \/>Registration: https:\/\/fb.me\/e\/1yeTN4BuO<\/p>\n<p>16:00 \u2013 U\u017eupio 2 \u2013 Baltic Shamans \u2013 hang drum\/steel sound meditation\/improvisation.<\/p>\n<p>17:00 \u2013 Polocko 10 \u2013 AP Gallery \u2013 fabulous Mini Art Degustation.<br \/>Entry: 5 EUR.<\/p>\n<p>17:00 \u2013 Krivi\u0173 43A \u2013 Paella and Sangria experience.<\/p>\n<p>18:00 \u2013 Paupio 2 \u2013 Vilnius Potter&#8217;s Workshop \u2013 story of Vilnius ceramics.<\/p>\n<p>18:00 \u2013 Krivi\u0173 43A \u2013 Performative music concert \u2013 Hasan Alp Celikel live.<\/p>\n<p>19:00 \u2013 U\u017eupio 9 \u2013 \u0160punka\/The Angel of U\u017eupis Square \u2013 music performance \u2013 Girmant\u0119 live.<\/p>\n<p>20:00 \u2013 U\u017eupio 2 \/ Main Bridge of U\u017eupis \u2013 &#8220;Qazaqstan \u2013 30 years&#8221; exhibition&#8217;s closing.<\/p>\n<p>20:00 \u2013 U\u017eupio 2 \u2013 U\u017eupio kavin\u0117 \u2013 Hour of Poetry.<\/p>\n<p>20:00 \u2013 Krivi\u0173 43A \u2013 &#8220;The Sun&#8217;s Night Language&#8221; \u2013 ambient electronic music live set by sound artists Covarnis and ResDigit.<\/p>\n<p>21:00 \u2013 Krivi\u0173 43A \u2013 Cinema therapy. Film &#8220;I am Cuba&#8221; (dir. Mikhail Kalatozov, 1964)<\/p>\n<p>21:00 \u2013 U\u017eupio 2A \u2013 Pakrant\u0117 \u2013 U\u017eupian Creative AI (Artificial Intelligence) music \u2013 Kosmosonic Konglomerate with Musical Blockchain \u2013 artificialive.<\/p>\n<h5>Also, all day for you<\/h5>\n<p>12:00 \u2013 18:00 \u2013 U\u017eupio 7 \u2013 Studio Ceramics&#8217; Friends \u2013 original authors&#8217; work boutique. Unique ceramics, art and more.<\/p>\n<p>12:00 \u2013 18:00 \u2013 U\u017eupio 7 \u2013 Kolekcija \u2013 Cats! and healthy things with souvenirs.<\/p>\n<p>12:00 \u2013 15:00 \u2013 U\u017eupio 16 \u2013 Peu-Peu Shop \u2013 Dream catchers, pendants, magical things and fantastic clothes.<\/p>\n<p>12:00 \u2013 18:00 \u2013 Polocko g. 9 \u2013 Bohemian Garden of U\u017eupis \u2013 Be sure to ask there how Flowers goes with a Culture on the U\u017eupis&#8217; Summer Day of Culture!<\/p>\n<p>12:00 \u2013 15:00 \u2013 Polocko 17 \u2013 The Room \u2013 Exhibition &#8220;The Sea of Ice&#8221; (&#8220;Ledo j\u016bra&#8221;) of Ieva Mediodia.<\/p>\n<p>12:00 \u2013 17:30 \u2013 Paupio 2 \u2013 Keistoteka.<\/p>\n<p>12:00 \u2013 17:00 \u2013 Mal\u016bn\u0173 8 \u2013 Exhibition and video installation at the Jono Meko Vizualiniu Menu Centras.<\/p>\n<p>12:00 \u2013 19:00 \u2013 U\u017eupio 2A \u2013 Exhibition at the U\u017eupis Art Incubator (U\u017eupio Meno Inkubatorius)<\/p>\n<p>12:00 \u2013 15:00 \u2013 U\u017eupio 16 \u2013 Exhibition at the Men\u0173 Tiltas Gallery.<\/p>\n<p>[\/et_pb_toggle][et_pb_image src=&#8221;http:\/\/pepinieres.eu\/wp-content\/uploads\/2021\/08\/Nepriklausoma_Uzupio_Respublika-Credits_Oscar_W_Rasson.jpg&#8221; title_text=&#8221;Nepriklausoma_Uzupio_Respublika-Credits_Oscar_W_Rasson&#8221; module_class=&#8221;img50Inline&#8221; _builder_version=&#8221;4.9.0&#8243; _module_preset=&#8221;default&#8221;][\/et_pb_image][et_pb_image src=&#8221;http:\/\/pepinieres.eu\/wp-content\/uploads\/2021\/08\/Lithuania_Vilnius_Uzupis_Summer_Day_of_Culture-Visual4-Pepinieres_Europeenes_de_Creation-Transcultures-2021-1.jpg&#8221; title_text=&#8221;Lithuania_Vilnius_Uzupis_Summer_Day_of_Culture-Visual4-Pepinieres_Europeenes_de_Creation-Transcultures-2021&#8243; module_class=&#8221;img50Inline&#8221; _builder_version=&#8221;4.9.0&#8243; _module_preset=&#8221;default&#8221;][\/et_pb_image][et_pb_image src=&#8221;http:\/\/pepinieres.eu\/wp-content\/uploads\/2021\/08\/Lithuania_Vilnius_Uzupis_Summer_Day_of_Culture-Visual2-Pepinieres_Europeenes_de_Creation-Transcultures-2021-1.jpg&#8221; title_text=&#8221;Lithuania_Vilnius_Uzupis_Summer_Day_of_Culture-Visual2-Pepinieres_Europeenes_de_Creation-Transcultures-2021&#8243; module_class=&#8221;img50Inline&#8221; _builder_version=&#8221;4.9.0&#8243; _module_preset=&#8221;default&#8221;][\/et_pb_image][et_pb_image src=&#8221;http:\/\/pepinieres.eu\/wp-content\/uploads\/2021\/08\/Lithuania_Vilnius_Uzupis_Summer_Day_of_Culture-Visual3-Pepinieres_Europeenes_de_Creation-Transcultures-2021-1.jpg&#8221; title_text=&#8221;Lithuania_Vilnius_Uzupis_Summer_Day_of_Culture-Visual3-Pepinieres_Europeenes_de_Creation-Transcultures-2021&#8243; module_class=&#8221;img50Inline&#8221; _builder_version=&#8221;4.9.0&#8243; _module_preset=&#8221;default&#8221;][\/et_pb_image][et_pb_image src=&#8221;http:\/\/pepinieres.eu\/wp-content\/uploads\/2021\/08\/Lithuania_Vilnius_Uzupis_Summer_Day_of_Culture-Visual10-Pepinieres_Europeenes_de_Creation-Transcultures-2021.jpg&#8221; title_text=&#8221;Lithuania_Vilnius_Uzupis_Summer_Day_of_Culture-Visual10-Pepinieres_Europeenes_de_Creation-Transcultures-2021&#8243; module_class=&#8221;img50Inline&#8221; _builder_version=&#8221;4.9.0&#8243; _module_preset=&#8221;default&#8221;][\/et_pb_image][et_pb_image src=&#8221;http:\/\/pepinieres.eu\/wp-content\/uploads\/2021\/08\/Lithuania_Vilnius_Uzupis_Summer_Day_of_Culture-Visual11-Pepinieres_Europeenes_de_Creation-Transcultures-2021.jpg&#8221; title_text=&#8221;Lithuania_Vilnius_Uzupis_Summer_Day_of_Culture-Visual11-Pepinieres_Europeenes_de_Creation-Transcultures-2021&#8243; module_class=&#8221;img50Inline&#8221; _builder_version=&#8221;4.9.0&#8243; _module_preset=&#8221;default&#8221;][\/et_pb_image][et_pb_image src=&#8221;http:\/\/pepinieres.eu\/wp-content\/uploads\/2021\/08\/Lithuania_Vilnius_Uzupis_Summer_Day_of_Culture-Visual7-Pepinieres_Europeenes_de_Creation-Transcultures-2021.jpg&#8221; title_text=&#8221;Lithuania_Vilnius_Uzupis_Summer_Day_of_Culture-Visual7-Pepinieres_Europeenes_de_Creation-Transcultures-2021&#8243; module_class=&#8221;img50Inline&#8221; _builder_version=&#8221;4.9.0&#8243; _module_preset=&#8221;default&#8221;][\/et_pb_image][et_pb_image src=&#8221;http:\/\/pepinieres.eu\/wp-content\/uploads\/2021\/08\/Lithuania_Vilnius_Uzupis_Summer_Day_of_Culture-Visual8-Pepinieres_Europeenes_de_Creation-Transcultures-2021.jpg&#8221; title_text=&#8221;Lithuania_Vilnius_Uzupis_Summer_Day_of_Culture-Visual8-Pepinieres_Europeenes_de_Creation-Transcultures-2021&#8243; module_class=&#8221;img50Inline&#8221; _builder_version=&#8221;4.9.0&#8243; _module_preset=&#8221;default&#8221;][\/et_pb_image][et_pb_image src=&#8221;http:\/\/pepinieres.eu\/wp-content\/uploads\/2021\/08\/Lithuania_Vilnius_Uzupis_Summer_Day_of_Culture-Visual6-Pepinieres_Europeenes_de_Creation-Transcultures-2021.jpg&#8221; title_text=&#8221;Lithuania_Vilnius_Uzupis_Summer_Day_of_Culture-Visual6-Pepinieres_Europeenes_de_Creation-Transcultures-2021&#8243; module_class=&#8221;img50Inline&#8221; _builder_version=&#8221;4.9.0&#8243; _module_preset=&#8221;default&#8221;][\/et_pb_image][et_pb_image src=&#8221;http:\/\/pepinieres.eu\/wp-content\/uploads\/2021\/08\/Lithuania_Vilnius_Uzupis_Summer_Day_of_Culture-Visual9-Pepinieres_Europeenes_de_Creation-Transcultures-2021.jpg&#8221; title_text=&#8221;Lithuania_Vilnius_Uzupis_Summer_Day_of_Culture-Visual9-Pepinieres_Europeenes_de_Creation-Transcultures-2021&#8243; module_class=&#8221;img50Inline&#8221; _builder_version=&#8221;4.9.0&#8243; _module_preset=&#8221;default&#8221;][\/et_pb_image][et_pb_image src=&#8221;http:\/\/pepinieres.eu\/wp-content\/uploads\/2021\/08\/Lithuania_Vilnius_Uzupis_Summer_Day_of_Culture-Visual13-Pepinieres_Europeenes_de_Creation-Transcultures-2021-1.jpg&#8221; title_text=&#8221;Lithuania_Vilnius_Uzupis_Summer_Day_of_Culture-Visual13-Pepinieres_Europeenes_de_Creation-Transcultures-2021&#8243; module_class=&#8221;img50Inline&#8221; _builder_version=&#8221;4.9.0&#8243; _module_preset=&#8221;default&#8221;][\/et_pb_image][et_pb_image src=&#8221;http:\/\/pepinieres.eu\/wp-content\/uploads\/2021\/08\/Lithuania_Vilnius_Uzupis_Summer_Day_of_Culture-Visual12-Pepinieres_Europeenes_de_Creation-Transcultures-2021-1.jpg&#8221; title_text=&#8221;Lithuania_Vilnius_Uzupis_Summer_Day_of_Culture-Visual12-Pepinieres_Europeenes_de_Creation-Transcultures-2021&#8243; module_class=&#8221;img50Inline&#8221; _builder_version=&#8221;4.9.0&#8243; _module_preset=&#8221;default&#8221;][\/et_pb_image][et_pb_text admin_label=&#8221;Texte Info Prod&#8221; module_class=&#8221;post-txt post-txt-info&#8221; _builder_version=&#8221;4.9.0&#8243; hover_enabled=&#8221;0&#8243; border_style=&#8221;solid&#8221; saved_tabs=&#8221;all&#8221; sticky_enabled=&#8221;0&#8243;]<\/p>\n<p><strong>Infos<\/strong><\/p>\n<ul>\n<li>07.08.2021<\/li>\n<li>Nepriklausoma U\u017eupio Respublika<\/li>\n<li>Vilnius Lituanie<\/li>\n<li><a href=\"http:\/\/uzupis.e-gov.lt\" target=\"_blank\" rel=\"noopener\">uzupis.e-gov.lt<\/a><\/li>\n<\/ul>\n<p><strong>Production<\/strong><\/p>\n<ul>\n<li>The author of the idea and the main organizer of the U\u017eupis&#8217; Summer Day of Culture \u2013 <i>H.E.<\/i> <a href=\"https:\/\/www.fayr.org\/gleb-divov\/\" target=\"_blank\" rel=\"noopener\">Gleb Divov<\/a> \u2013 the Minister of Culture and Innovations of the Republic of U\u017eupis.<\/li>\n<li>U\u017eupis&#8217; Summer Day of Culture is traditionally solely organized by the Ministry of Culture and Innovations of the Republic of U\u017eupis and the Republic of U\u017eupis.<\/li>\n<\/ul>\n<p>[\/et_pb_text][et_pb_image src=&#8221;http:\/\/pepinieres.eu\/wp-content\/uploads\/2021\/08\/Lithuania_Vilnius_Uzupis_Summer_Day_of_Culture-Partner_Banner-Pepinieres_Europeenes_de_Creation-Transcultures-2021.jpg&#8221; title_text=&#8221;Lithuania_Vilnius_Uzupis_Summer_Day_of_Culture-Partner_Banner-Pepinieres_Europeenes_de_Creation-Transcultures-2021&#8243; _builder_version=&#8221;4.9.0&#8243; _module_preset=&#8221;default&#8221;][\/et_pb_image][\/et_pb_column][\/et_pb_row][\/et_pb_section]<\/p>\n","protected":false},"excerpt":{"rendered":"<p>The European Pepinieres of Creation are proud to announce their first partnership with the Republic of U\u017eupis. Do you know that the Republic of U\u017eupis has a Summer flag with a sunlit yellow handpalm? Let&#8217;s start like this &#8211; do you know what the Republic of Uzupis is? The U\u017eupis Republic was declared in 1998 [&hellip;]<\/p>\n","protected":false},"author":1,"featured_media":20891,"comment_status":"closed","ping_status":"closed","sticky":false,"template":"","format":"standard","meta":{"_et_pb_use_builder":"on","_et_pb_old_content":"","_et_gb_content_width":"","footnotes":""},"categories":[31,223,97,106,107,240,211,2,116,241],"tags":[],"class_list":["post-20938","post","type-post","status-publish","format-standard","has-post-thumbnail","hentry","category-all-news-en","category-2021-en","category-agenda-en","category-festivals-en","category-international-en","category-lithuania-en","category-multidisciplinary-en","category-news-en","category-production-en","category-uzupis-en"],"_links":{"self":[{"href":"http:\/\/pepinieres.eu\/en\/wp-json\/wp\/v2\/posts\/20938","targetHints":{"allow":["GET"]}}],"collection":[{"href":"http:\/\/pepinieres.eu\/en\/wp-json\/wp\/v2\/posts"}],"about":[{"href":"http:\/\/pepinieres.eu\/en\/wp-json\/wp\/v2\/types\/post"}],"author":[{"embeddable":true,"href":"http:\/\/pepinieres.eu\/en\/wp-json\/wp\/v2\/users\/1"}],"replies":[{"embeddable":true,"href":"http:\/\/pepinieres.eu\/en\/wp-json\/wp\/v2\/comments?post=20938"}],"version-history":[{"count":3,"href":"http:\/\/pepinieres.eu\/en\/wp-json\/wp\/v2\/posts\/20938\/revisions"}],"predecessor-version":[{"id":20963,"href":"http:\/\/pepinieres.eu\/en\/wp-json\/wp\/v2\/posts\/20938\/revisions\/20963"}],"wp:featuredmedia":[{"embeddable":true,"href":"http:\/\/pepinieres.eu\/en\/wp-json\/wp\/v2\/media\/20891"}],"wp:attachment":[{"href":"http:\/\/pepinieres.eu\/en\/wp-json\/wp\/v2\/media?parent=20938"}],"wp:term":[{"taxonomy":"category","embeddable":true,"href":"http:\/\/pepinieres.eu\/en\/wp-json\/wp\/v2\/categories?post=20938"},{"taxonomy":"post_tag","embeddable":true,"href":"http:\/\/pepinieres.eu\/en\/wp-json\/wp\/v2\/tags?post=20938"}],"curies":[{"name":"wp","href":"https:\/\/api.w.org\/{rel}","templated":true}]}}