{"id":18825,"date":"2020-11-05T15:58:29","date_gmt":"2020-11-05T14:58:29","guid":{"rendered":"http:\/\/pepinieres.eu\/residences-croisees-vice-versa-2020-21-anne-sophie-blanchet-qbc-alain-wergifosse-be-flux-densites\/"},"modified":"2020-12-22T15:52:52","modified_gmt":"2020-12-22T14:52:52","slug":"crossed-residencies-vice-versa-2020-21-anne-sophie-blanchet-alain-wergifosse-flux-densities","status":"publish","type":"post","link":"http:\/\/pepinieres.eu\/en\/crossed-residencies-vice-versa-2020-21-anne-sophie-blanchet-alain-wergifosse-flux-densities\/","title":{"rendered":"Crossed residencies Vice Versa 2020-21 | Anne-Sophie Blanchet (Qbc) + Alain Wergifosse (Be) &#8211; Flux &#038; Densities"},"content":{"rendered":"<p>[et_pb_section fb_built=&#8221;1&#8243; _builder_version=&#8221;3.22&#8243;][et_pb_row _builder_version=&#8221;3.25&#8243;][et_pb_column type=&#8221;4_4&#8243; _builder_version=&#8221;3.25&#8243; custom_padding=&#8221;|||&#8221; custom_padding__hover=&#8221;|||&#8221;][et_pb_text module_class=&#8221;post-txt&#8221; _builder_version=&#8221;3.26.7&#8243; border_style=&#8221;solid&#8221;]<\/p>\n<p>&nbsp;<\/p>\n<p>For the fifth edition of their <a href=\"http:\/\/transcultures.be\/en\/projets\/viceversa\/\">digital creation\/arts-sciences residency exchange<\/a> initiated in 2015, La Chambre Blanche (artist-run centre dedicated to experimentation in visual and digital arts based in Quebec City) and Transcultures (centre for digital and sound cultures based in La Louvi\u00e8re &#8211; Belgium) inaugurates a new formula associating an artist and a researcher around the same prospective creation.<\/p>\n<p>For the 2020-21 season, it is the art historian and Quebec artistic curator Anne-Sophie Blanchet and the Belgian intermedia and sound artist Alain-Wergifosse who have been selected by the partners, following a call for projects launched jointly by the partners.<\/p>\n<p>Two residency periods are planned: the first at Transcultures will be devoted to refining the design and challenges of the project. For Alain Wergifosse, it is about preparing his next immersive installation \u2018Flux &amp; densit\u00e9s\u2019 (working title), experimenting with materialistic images with an optical microscope and its electronic and sensory devices. This first phase of experimentation will be intended for the composition of new images and new sounds around transforming matter and the manipulation of moving light by mechanical, optical, digital, electronic and chemical means.<\/p>\n<p>At the end of this design phase (from November 9 to mid December 2020) fueled by discussions with Anne-Sophie Blanchet who will also begin writing critical texts on the artist&#8217;s approach and this creative process, Alain Wergifosse will propose ( online) a video also foreshadowing what will be developed more widely in the second phase scheduled for 2021 (from late March to early May) this time at La Chambre Blanche.<\/p>\n<p>This last phase of production \/ finalization will end with an exhibition by Alain Wergifosse at La Chambre Blanche scheduled for the end of April 2021, coinciding with the release of a new album (on the Transonic label coordinated by Transcultures) and the publication of a final essay by Anne-Sophie Blanchet.<\/p>\n<h6><strong>Anne-Sophie Blanchet<\/strong><\/h6>\n<p><img loading=\"lazy\" decoding=\"async\" class=\"wp-image-18816 alignright \" src=\"http:\/\/pepinieres.eu\/wp-content\/uploads\/2020\/11\/Anne_Sophie_Blanchet-portrait-2020-228x300.jpg\" alt=\"\" width=\"141\" height=\"186\" srcset=\"http:\/\/pepinieres.eu\/wp-content\/uploads\/2020\/11\/Anne_Sophie_Blanchet-portrait-2020-228x300.jpg 228w, http:\/\/pepinieres.eu\/wp-content\/uploads\/2020\/11\/Anne_Sophie_Blanchet-portrait-2020-768x1009.jpg 768w, http:\/\/pepinieres.eu\/wp-content\/uploads\/2020\/11\/Anne_Sophie_Blanchet-portrait-2020-779x1024.jpg 779w, http:\/\/pepinieres.eu\/wp-content\/uploads\/2020\/11\/Anne_Sophie_Blanchet-portrait-2020-1080x1419.jpg 1080w, http:\/\/pepinieres.eu\/wp-content\/uploads\/2020\/11\/Anne_Sophie_Blanchet-portrait-2020.jpg 1200w\" sizes=\"auto, (max-width: 141px) 100vw, 141px\" \/>Anne-Sophie Blanchet is an art historian and curator. Collaborating regularly with cultural organizations and academia, she has worked in the visual arts community for over ten years.<\/p>\n<p>She is the author of several essays and critical texts focusing in particular on contemporary art as well as on the challenges of conservation and exhibition of certain current artistic productions in the museum context.<\/p>\n<p>His recent research is particularly interested in performance and sound art as well as their mediation in public space.<\/p>\n<h6><strong>Alain Wergifosse<\/strong><\/h6>\n<p><img loading=\"lazy\" decoding=\"async\" class=\"wp-image-18818 alignright \" src=\"http:\/\/pepinieres.eu\/wp-content\/uploads\/2020\/11\/Alain_Wergifosse-Simultan-2019-Vice_Versa_Residence-La_Chambre_Blanche-Transcultures-2020-268x300.jpg\" alt=\"\" width=\"212\" height=\"237\" srcset=\"http:\/\/pepinieres.eu\/wp-content\/uploads\/2020\/11\/Alain_Wergifosse-Simultan-2019-Vice_Versa_Residence-La_Chambre_Blanche-Transcultures-2020-268x300.jpg 268w, http:\/\/pepinieres.eu\/wp-content\/uploads\/2020\/11\/Alain_Wergifosse-Simultan-2019-Vice_Versa_Residence-La_Chambre_Blanche-Transcultures-2020-768x858.jpg 768w, http:\/\/pepinieres.eu\/wp-content\/uploads\/2020\/11\/Alain_Wergifosse-Simultan-2019-Vice_Versa_Residence-La_Chambre_Blanche-Transcultures-2020-916x1024.jpg 916w, http:\/\/pepinieres.eu\/wp-content\/uploads\/2020\/11\/Alain_Wergifosse-Simultan-2019-Vice_Versa_Residence-La_Chambre_Blanche-Transcultures-2020-1080x1207.jpg 1080w, http:\/\/pepinieres.eu\/wp-content\/uploads\/2020\/11\/Alain_Wergifosse-Simultan-2019-Vice_Versa_Residence-La_Chambre_Blanche-Transcultures-2020.jpg 1200w\" sizes=\"auto, (max-width: 212px) 100vw, 212px\" \/>Insatiable explorer of sound, image and the media since the 1980s, <a href=\"http:\/\/www.alainwergifosse.com\/\">Alain Wergifosse<\/a> amplifies all kinds of resonant objects and specializes in the electronic processing of feedback to achieve his organic compositions and improvisations. He has traveled the world solo and with various groups and collective projects (Obmuz, Macromassa, SpecOp, Colectivo Anatomic among others).<\/p>\n<p>From his base in Barcelona, \u200b\u200bhe composed, during ten years, the music and sound interactions of the shows Marcel l\u00ed Ant\u00fanez (ex La Fura dels Baus) and he collaborated with many artists of the experimental musical scene ( Zbigniew Karkowski, Cluster, Jaki Liebezeit, Francisco Lopez, Nad Spiro, Eli Gras,\u2026) and actively participated in various adventurous initiatives in Spain and internationally.<\/p>\n<p>In recent years, returning to Belgium, he has developed his visual work and produced immersive and interactive installations, self-generative videos, microscopies and other materialist compositions presented in several festivals and international events (City Sonic, MEM, Kikk, Semaine sound, Simultan, Transnumeriques\u2026).<\/p>\n<p>[\/et_pb_text][et_pb_text admin_label=&#8221;Texte Info Prod&#8221; module_class=&#8221;post-txt post-txt-info&#8221; _builder_version=&#8221;3.26.7&#8243; border_style=&#8221;solid&#8221; saved_tabs=&#8221;all&#8221;]<\/p>\n<p><strong>Infos<\/strong><\/p>\n<ul>\n<li>1st r\u00e9sidence : Autumn 2020 @ Transcultures<\/li>\n<li>2d r\u00e9sidence : Spring 2021 @ La Chambre Blanche<\/li>\n<li>La Louvi\u00e8re (Be) + Qu\u00e9bec City (Ca)<\/li>\n<li><a href=\"http:\/\/www.alainwergifosse.com\/\" target=\"_blank\" rel=\"noopener noreferrer\">alainwergifosse.com<\/a><\/li>\n<\/ul>\n<p><strong>Production<\/strong><\/p>\n<ul>\n<li>Transcultures, La Chambre Blanche<\/li>\n<li>In the framework of Commission mixte permanente (CMP) Qu\u00e9bec\/Wallonie-Bruxelles.<\/li>\n<li>With the support of <a href=\"https:\/\/wbi.be\/\">Wallonie-Bruxelles International<\/a>, Commission mixte permanente (CMP) Qu\u00e9bec\/Wallonie-Bruxelles, <a href=\"https:\/\/www.lalouviere.be\/\">La Louvi\u00e8re City<\/a>, <a href=\"http:\/\/www.culture.be\/\">Minist\u00e8re de la Culture de la F\u00e9d\u00e9ration Wallonie-Bruxelles<\/a>, <a href=\"https:\/\/www.ville.quebec.qc.ca\/\">Qu\u00e9bec City<\/a>, <a href=\"https:\/\/www.calq.gouv.qc.ca\/\">le Conseil des arts et des lettres du Qu\u00e9bec<\/a>, <a href=\"https:\/\/www.mcc.gouv.qc.ca\/\">minist\u00e8re de la Culture et des Communications de Qu\u00e9bec<\/a>, <a href=\"https:\/\/www.mrif.gouv.qc.ca\/fr\/\">minist\u00e8re des Relations internationales et de la Francophonie de Qu\u00e9bec<\/a>, <a href=\"https:\/\/conseildesarts.ca\/\">Conseil des Arts du Canada<\/a> and the <a href=\"http:\/\/pepinieres.eu\" target=\"_blank\" rel=\"noopener noreferrer\">European Pepinieres of Creation<\/a>.<\/li>\n<li><a href=\"http:\/\/transcultures.be\" target=\"_blank\" rel=\"noopener noreferrer\">transcultures.be<\/a> &#8211; <a href=\"http:\/\/chambreblanche.qc.ca\" target=\"_blank\" rel=\"noopener noreferrer\">chambreblanche.qc.ca<\/a><\/li>\n<\/ul>\n<p>&nbsp;<\/p>\n<p>[\/et_pb_text][\/et_pb_column][\/et_pb_row][\/et_pb_section]<\/p>\n","protected":false},"excerpt":{"rendered":"<p>&nbsp; For the fifth edition of their digital creation\/arts-sciences residency exchange initiated in 2015, La Chambre Blanche (artist-run centre dedicated to experimentation in visual and digital arts based in Quebec City) and Transcultures (centre for digital and sound cultures based in La Louvi\u00e8re &#8211; Belgium) inaugurates a new formula associating an artist and a researcher [&hellip;]<\/p>\n","protected":false},"author":1,"featured_media":18821,"comment_status":"closed","ping_status":"closed","sticky":false,"template":"","format":"standard","meta":{"_et_pb_use_builder":"on","_et_pb_old_content":"","_et_gb_content_width":"","footnotes":""},"categories":[31,183,97,122,169,107,98,211,2,116,112,117,99,174],"tags":[],"class_list":["post-18825","post","type-post","status-publish","format-standard","has-post-thumbnail","hentry","category-all-news-en","category-2020-en","category-agenda-en","category-belgium-en","category-crossed-residencies-en","category-international-en","category-media-arts-en","category-multidisciplinary-en","category-news-en","category-production-en","category-quebec-en","category-residencies-en","category-sound-arts-en","category-writing-en"],"_links":{"self":[{"href":"http:\/\/pepinieres.eu\/en\/wp-json\/wp\/v2\/posts\/18825","targetHints":{"allow":["GET"]}}],"collection":[{"href":"http:\/\/pepinieres.eu\/en\/wp-json\/wp\/v2\/posts"}],"about":[{"href":"http:\/\/pepinieres.eu\/en\/wp-json\/wp\/v2\/types\/post"}],"author":[{"embeddable":true,"href":"http:\/\/pepinieres.eu\/en\/wp-json\/wp\/v2\/users\/1"}],"replies":[{"embeddable":true,"href":"http:\/\/pepinieres.eu\/en\/wp-json\/wp\/v2\/comments?post=18825"}],"version-history":[{"count":3,"href":"http:\/\/pepinieres.eu\/en\/wp-json\/wp\/v2\/posts\/18825\/revisions"}],"predecessor-version":[{"id":19102,"href":"http:\/\/pepinieres.eu\/en\/wp-json\/wp\/v2\/posts\/18825\/revisions\/19102"}],"wp:featuredmedia":[{"embeddable":true,"href":"http:\/\/pepinieres.eu\/en\/wp-json\/wp\/v2\/media\/18821"}],"wp:attachment":[{"href":"http:\/\/pepinieres.eu\/en\/wp-json\/wp\/v2\/media?parent=18825"}],"wp:term":[{"taxonomy":"category","embeddable":true,"href":"http:\/\/pepinieres.eu\/en\/wp-json\/wp\/v2\/categories?post=18825"},{"taxonomy":"post_tag","embeddable":true,"href":"http:\/\/pepinieres.eu\/en\/wp-json\/wp\/v2\/tags?post=18825"}],"curies":[{"name":"wp","href":"https:\/\/api.w.org\/{rel}","templated":true}]}}