{"id":14028,"date":"2019-01-02T12:52:50","date_gmt":"2019-01-02T11:52:50","guid":{"rendered":"http:\/\/pepinieres.eu\/appel-2019-residence-experimentation-video-domaine-du-tournefou-fr\/"},"modified":"2019-03-15T14:10:16","modified_gmt":"2019-03-15T13:10:16","slug":"appel-2019-residence-experimentation-video-domaine-du-tournefou-fr","status":"publish","type":"post","link":"http:\/\/pepinieres.eu\/en\/appel-2019-residence-experimentation-video-domaine-du-tournefou-fr\/","title":{"rendered":"Appel 2019 | R\u00e9sidence \u2013 Experimentation vid\u00e9o | Domaine du Tournefou (FR)"},"content":{"rendered":"<p>[et_pb_section fb_built=&#8221;1&#8243; _builder_version=&#8221;3.0.47&#8243;][et_pb_row _builder_version=&#8221;3.0.48&#8243; background_size=&#8221;initial&#8221; background_position=&#8221;top_left&#8221; background_repeat=&#8221;repeat&#8221;][et_pb_column type=&#8221;4_4&#8243; _builder_version=&#8221;3.0.47&#8243;][et_pb_countdown_timer date_time=&#8221;01\/31\/2019 23:59&#8243; module_class=&#8221;post-call-deadline&#8221; _builder_version=&#8221;3.0.61&#8243; use_background_color=&#8221;off&#8221; background_layout=&#8221;light&#8221; saved_tabs=&#8221;all&#8221;]&nbsp;<br \/>\n[\/et_pb_countdown_timer][et_pb_text _builder_version=&#8221;3.19.15&#8243; border_style=&#8221;solid&#8221;]<\/p>\n<p>Call for application : Domaine Du Tournefou | Artists Residencies | Mus\u00e9e Camille Claudel &#8211; Exp\u00e9rmentation Video | Deadline : 31\/01\/2019<\/p>\n<p><strong>The residence<\/strong><\/p>\n<p>This residence call is aimed at a video artist who will have to propose a work of original creation associating contemporary creation with XIXth and XIXth c. art history. The artist will have to highlight the fields of creation and draw a parallel between yesterday&#8217;s and today&#8217;s artists, between the museum&#8217;s collections and contemporary artistic creation.<\/p>\n<p>The residence project is borne by the <strong>Camille Claudel museum <\/strong>of Nogent-sur-Seine, dedicated to XIXth and beginning XXth c. sculpture and to Camille Claudel&#8217;s work of art, as well as by the <strong>Domaine du Tournefou <\/strong>in Palis, an artistic center and priviledged place of residence. Located 30 km away from one another, both institutions live at different paces, which will be an integral part of this residence project, and &#8211; why not ? -may also be part of the artist&#8217;s questioning.<\/p>\n<p>The aim of the residence project will be to conduct a work of original creation and associate the public to it, by means of following presentations :<\/p>\n<ul>\n<li>a meeting open to the public, where the artist-in-residence will present his\/her work in progress at Domaine du Tournefou and\/or at Camille Claudel museum ;<\/li>\n<li>a meeting and presentation of realised work for the agents and partners of Camille Claudel museum ;<\/li>\n<li>two mediation workshops for a school public at Domaine du Tournefou and Camille Claudel museum ;<\/li>\n<li>An end-of-residence final work presentation at Camille Claudel museu<\/li>\n<\/ul>\n<p><strong>C<\/strong><strong>ONDITIONS<\/strong><\/p>\n<ul>\n<li>Stay in residence from October 1st to November 30, 2019.<\/li>\n<li>Full board accommodation at Domaine du Tournefou : creation 35m\u00b2 studio and independant apartment &#8211; or individual room, with kitchen to be shared with another resident.<\/li>\n<li>Residence grant : 2000 \u20ac (including transfer of rights and transport fees from Domaine du Tournefou to Camille Claudel museum).<\/li>\n<li>Material fees and others : 500 \u20ac, taken in charge by Domaine du Tournefou.<\/li>\n<li>If the artist does not have a vehicule, there are possibilities to organise care-pooling with people from Domaine du Tournefou. Other means of transportation are in charge of artist-in-residence.<\/li>\n<\/ul>\n<p>This call for artist-in-residence is aimed at professional, as well as emerging artists working in the field of video. The candidate must be motivated and show a sensibility to transmission and education. He(she) must speak French.<\/p>\n<p><strong>A<\/strong><strong>P<\/strong><strong>PL<\/strong><strong>I<\/strong><strong>C<\/strong><strong>A<\/strong><strong>T<\/strong><strong>ION FILE<\/strong><\/p>\n<p>The selection of the laureate by the committee will be implemented upon project propositions presented by the candidates.<\/p>\n<p>Documents to be provided :<\/p>\n<ul>\n<li>An argued presentation of project, which the artist wants to develop ;<\/li>\n<li>A curriculum vitae ;<\/li>\n<li>A file presenting already conducted work, stressing upon recent wo<\/li>\n<\/ul>\n<p>The file is to be sent to following email address :<br \/><a href=\"mailto:residencetournefouclaudel@gmail.com\"><strong>residencetournefouclaudel@gmail.com<\/strong><\/a><\/p>\n<p><strong>The stucture Tournefou Domain<\/strong><\/p>\n<p>Particularly dedicated to the fields of reasearch and creation, initiator of a new form of artistic and cultural development, the Tournefou Domain has a vocation to be a home of confidence for artists who came to experiment an artistic presence in rural territory.<\/p>\n<p>The Tournefou, being a pluridisciplinary place of production and exhibitions, also allows the artist possibilities to meet with the population, the environment, places of art and culture and partners of the Tournefou&#8217;s program.<\/p>\n<p>The Domaine du Tournefou is a place, inhabited and managed by a permanent team, comprising artists and artistic conselors who consider the concern about the individual and human communities as being at the heart of their actions. It is a place of diffusion and artistic education, as well as a place of encounters and exchanges.<\/p>\n<p>In accordance with our artist-in-residence mission, spaces and times are conceived to offer you the best conditions for a work of creation, while dedicating other periods of time to discoveries and transmission, a balance which represents three commitment creteria : silence, relationship, confidence.<\/p>\n<p><strong>Location<\/strong><\/p>\n<p>The Domaine du Tournefou is located in the village of Palis (600 inhabitants), a commune including three villages : <a href=\"https:\/\/fr.wikipedia.org\/wiki\/Aix-Villemaur-P%C3%A2lis\">Aix-Villemaur-P\u00e2lis<\/a>, in the <a href=\"https:\/\/fr.wikipedia.org\/wiki\/Aube_(d%C3%A9partement)\">Aube <\/a>department, Grand Est Region. This harmonious and silent environment is at 30 mn&#8217;s drive from Troyes and Nogent-sur- Seine, 1h from Essoyes and 1h30 from Paris or Reims. You will find a bakery and a post office box in the village. Nearest banking facilities are in Aix-en-Othe (at 7 km), as well as a chemist&#8217;s, other shops and supermarkets. A traditional open air market is also proposed in Aix-en-Othe on Wednesdays and Saturdays.<\/p>\n<p><strong>Studios<\/strong><\/p>\n<p>Running on from an ancient Champain style farm of the XVIIIth century, the artits&#8217; alley comprises 5 individual studios, led by a large alley opening onto a wooded park. Each studio has an internet connection and free Wifi is provided for the artists in residence.<\/p>\n<p>See photos of our residences (studios and lodgings) on following link :<br \/><a href=\"https:\/\/www.domainedutournefou.com\/residences-dartistes\/\">https:\/\/www.domainedutournefou.com\/residences-dartistes<\/a><\/p>\n<p>&nbsp;<\/p>\n<p>&nbsp;<\/p>\n<p>&nbsp;<\/p>\n<p>Each stay in residence has its peculiarity, and attention is driven towards two priorities :<\/p>\n<ul>\n<li>the artist&#8217;s project, so that he(she) can implement his(her) work in the best possible conditions,<\/li>\n<li>transmission of the artist&#8217;s work of art through educational action and mediation in proximity with the pu<\/li>\n<\/ul>\n<p>&nbsp;<\/p>\n<p>&nbsp;<\/p>\n<p>[\/et_pb_text][et_pb_text admin_label=&#8221;Texte Info Prod&#8221; module_class=&#8221;post-txt post-txt-info&#8221; _builder_version=&#8221;3.19.15&#8243; border_style=&#8221;solid&#8221; saved_tabs=&#8221;all&#8221;]<\/p>\n<p><strong>Infos<\/strong><\/p>\n<ul>\n<li>deadline : 31.01.2019<\/li>\n<li><a href=\"http:\/\/domainedutournefou.com\" target=\"_blank\" rel=\"noopener\">domainedutournefou.com<\/a><\/li>\n<li><a href=\"http:\/\/museecamilleclaudel.fr\" target=\"_blank\" rel=\"noopener\">museecamilleclaudel.fr<\/a><\/li>\n<\/ul>\n<p><strong>Production<\/strong><\/p>\n<ul>\n<li>Mus\u00e9e Camille Claudel of Nogent-sur-Seine and Tournefou Domain @ P\u00e2lis. In partnership with European Pepinieres of Creation.<\/li>\n<\/ul>\n<p>[\/et_pb_text][\/et_pb_column][\/et_pb_row][\/et_pb_section]<\/p>\n","protected":false},"excerpt":{"rendered":"<p>&nbsp; Call for application : Domaine Du Tournefou | Artists Residencies | Mus\u00e9e Camille Claudel &#8211; Exp\u00e9rmentation Video | Deadline : 31\/01\/2019 The residence This residence call is aimed at a video artist who will have to propose a work of original creation associating contemporary creation with XIXth and XIXth c. art history. The artist [&hellip;]<\/p>\n","protected":false},"author":1,"featured_media":12913,"comment_status":"closed","ping_status":"closed","sticky":false,"template":"","format":"standard","meta":{"_et_pb_use_builder":"on","_et_pb_old_content":"<p>Appel \u00c0 Candidatures : Domaine Du Tournefou | R\u00e9sidence d'artiste port\u00e9e par le Mus\u00e9e Camille Claudel - Exp\u00e9rmentation Video | Deadline : 31\/01\/2019<\/p><p><strong>Le Domaine du Tournefou lance un appel pour une r\u00e9sidence d\u00b4un mois en cr\u00e9ation photographique<\/strong><\/p><p>A l\u2019occasion du 60\u00e8me anniversaire de la mort de Jean Renoir, cette r\u00e9sidence estdestin\u00e9e \u00e0 un artiste photographe qui devra proposer une \u0153uvre associant lacr\u00e9ation contemporaine \u00e0 l\u2019esprit de Jean Renoir, \u00e0 son style cin\u00e9matographique,et plus largement en s\u2019inspirant du cadre environnemental d\u2019Essoyes et de lafamille d\u2019artistes Renoir, particuli\u00e8rement avec Pierre-Auguste le peintre, p\u00e8re ducin\u00e9aste qui \u00e9crira \u00e0 son propos : \"La grande fronti\u00e8re \u00e9tait pour lui entre ceux quiper\u00e7oivent et ceux qui raisonnent\".<\/p><p>La r\u00e9sidence est port\u00e9e par la municipalit\u00e9 d\u2019Essoyes, le Centre Culturel Renoir et le Domaine du Tournefou \u00e0 P\u00e2lis dans l\u2019Aube, centre artistique et culturel et lieu de r\u00e9sidence privil\u00e9gi\u00e9. Cette r\u00e9sidence permettra d\u2019y associer le public par le biais de pr\u00e9sentations :<\/p><ul><li>Une rencontre ouverte au public de pr\u00e9sentation du travail en cours par l\u2019artiste au Domaine du Tournefou et \/ ou au Centre Culturel Renoir<\/li><li>Un atelier de m\u00e9diation pour un public scolaire au Domaine du Tournefou<\/li><li>L\u2019exposition des \u0153uvres de l\u2019artiste au Centre Culturel Renoir<\/li><\/ul><p><a href=\"http:\/\/pepinieres.eu\/call-tournefou2019-video\" target=\"_blank\" rel=\"noopener\">Plus d'info<\/a><\/p><p><strong>Domaine d'expession de la r\u00e9sidence<\/strong><\/p><ul><li>Arts photographiques<\/li><\/ul><p><strong>Agenda P\u00e9riode de r\u00e9sidence<\/strong><\/p><ul><li>31.12.2018 : date limite d'envoie des dossiers de candidature.<\/li><li>25.01.2019 : publication des r\u00e9sultat du comit\u00e9 de s\u00e9lection<\/li><li>01>31.05.2019 : p\u00e9riode de r\u00e9sidence<\/li><\/ul><p><strong>Conditions de la R\u00e9sidence offertes \u00e0 l\u2019artiste :<\/strong><\/p><ul><li>H\u00e9bergement en pension compl\u00e8te au Domaine du Tournefou : atelier de cr\u00e9ation de 35m\u00b2 et studio ind\u00e9pendant ou chambre individuelle avec kitchenette, salon et salle \u00e0 manger \u00e0 partager avec un artiste r\u00e9sident. L\u2019artiste aura \u00e9galement la possibilit\u00e9 de s\u00e9journer \u00e0 la conciergerie du ch\u00e2teau d\u2019Essoyes lors de ses d\u00e9placements sur le site.<\/li><li>Bourse de cr\u00e9ation : 1000 \u20ac (incluant les droits de monstration pour l\u2019exposition)<\/li><li>Production de l\u2019exposition : sur la base de 18 tirages au format 40x50 cm (modifiable) avec encadrements pris en charge par l\u2019atelier de photographie Philippe Brame (<a href=\"https:\/\/philippebrame.com\/\" target=\"_blank\" rel=\"noopener\">www.philippebrame.com<\/a>)<\/li><li>Transport de l\u2019artiste, un A\/R de son domicile \u00e0 la r\u00e9sidence prise en charge, 2 A\/R du lieu de r\u00e9sidence \u00e0 Essoyes.<\/li><li>Si l\u2019artiste n\u2019est pas v\u00e9hicul\u00e9, possibilit\u00e9 d\u2019organiser ses d\u00e9placements avec la r\u00e9sidence (covoiturage ou transport, frais \u00e0 la charge de l\u2019artiste).<\/li><\/ul><p><strong>Eligibilit\u00e9<\/strong><\/p><ul><li>La r\u00e9sidence s\u2019adresse aux artistes professionnels comme aux artistes \u00e9mergents. Le candidat doit \u00eatre motiv\u00e9 et faire preuve d\u2019une sensibilit\u00e9 \u00e0 la transmission et \u00e0 la p\u00e9dagogie. Il doit ma\u00eetriser la langue fran\u00e7aise et\/ou la langue anglaise.<\/li><li>La s\u00e9lection du laur\u00e9at par le comit\u00e9 se fera sur les propositions de projet pr\u00e9sent\u00e9es par les candidats.<\/li><\/ul><p><strong>Dossier de candidature, \u00e9l\u00e9ments \u00e0 fournir :<\/strong><\/p><ul><li>Une pr\u00e9sentation argument\u00e9e du projet que l\u2019artiste souhaite d\u00e9velopper<\/li><li>Un curriculum vitae<\/li><li>Un dossier pr\u00e9sentant le travail d\u00e9j\u00e0 men\u00e9, en mettant l\u2019accent sur les travaux r\u00e9cents.<\/li><li>Les dossiers de candidatures sont \u00e0 adresser par mail, en un seul fichier PDF (n\u2019exc\u00e9dant pas les 10 Mo) \u00e0 <a href=\"mailto:contact@domainedutournefou.com\">contact@domainedutournefou.com<\/a><\/li><\/ul><p><strong>Composition du comit\u00e9 de s\u00e9lection<\/strong><\/p><p>M. Alain Cintrat, Maire d\u2019Essoyes et\/ou son repr\u00e9sentant, Mme B\u00e9atrice Richard, Pr\u00e9sidente de l\u2019association Renoir et\/ou son repr\u00e9sentant, Mme Sophie Bouts, Pr\u00e9sidente de l\u2019association Tournefou et\/ou son repr\u00e9sentant, M. Philippe Brame, auteur-photographe, conseiller artistique aupr\u00e8s de l\u2019association Tournefou, M. Dominique Gengembre, directeur du Centre Culturel Renoir.<\/p><p><strong>Informations compl\u00e9mentaires<\/strong><\/p><p><strong>Domaine du Tournefou r\u00e9sidence d\u2019artistes Charte<br \/><\/strong>D\u00e9di\u00e9 particuli\u00e8rement aux domaines de la recherche et de la cr\u00e9ation, initiateur d\u2019une nouvelle forme de d\u00e9veloppement artistique et culturel, le Tournefou a vocation d\u2019\u00eatre un foyer de confiance pour les artistes venant exp\u00e9rimenter une pr\u00e9sence artistique en territoire rural. Lieu pluridisciplinaires de productions et d\u2019expositions, le Tournefou associe les cr\u00e9ateurs avec la population, l\u2019environnement, les lieux d\u2019art et de culture et les partenaires de son programme.<\/p><p>Chaque r\u00e9sidence est singuli\u00e8re, elle se d\u00e9finit \u00e0 l\u2019\u00e9coute de deux priorit\u00e9s :le projet de l\u2019artiste afin qu\u2019il puisse r\u00e9aliser dans les meilleurs conditions possibles son travailla transmission de son art par des actions de formation, m\u00e9diation enproximit\u00e9 avec les publics.<\/p><p>\u00ab L\u2019artiste n\u2019essuie pas les questions au torchon des r\u00e9ponses, il nettoie notre appr\u00e9hension avec un chiffon de confiance, enl\u00e8ve la bu\u00e9e, d\u00e9gage un fragment de vision, une tension vers l\u2019infini \u00bb Philippe Brame.<\/p><p>Une attention particuli\u00e8re sera port\u00e9e aux candidatures qui consid\u00e8rent l\u2019art comme fondement de notre devenir commun, proposant une \u0153uvre r\u00e9solument clairvoyante et po\u00e9tique.<\/p><p>\u00ab Tous ceux qui aujourd\u2019hui luttent pour la libert\u00e9, combattent en dernier lieu pour la beaut\u00e9 \u00bb Albert Camus.<\/p><p><strong>Modalit\u00e9s pratiques<br \/><\/strong>Le Domaine du Tournefou est un lieu habit\u00e9 et anim\u00e9 par une \u00e9quipe permanente d\u2019artistes et d\u2019animateurs, qui placent le souci de la personne et des communaut\u00e9s humaines au c\u0153ur de ses actions.<\/p><p>Lieu de diffusion et de formation artistique, c'est aussi un lieu de rencontres et d\u2019\u00e9changes.<br \/>Conform\u00e9ment \u00e0 notre charte, espaces et temps sont con\u00e7us pour vous offrir les<br \/>meilleures conditions pour un travail de cr\u00e9ation tout en m\u00e9nageant d\u2019autres temps \u00e0 la d\u00e9couverte et \u00e0 la transmission, se traduisant en trois crit\u00e8res d'engagement : silence, relation, confiance.<\/p><p><strong>Situation<br \/><\/strong>Le Domaine du Tournefou se trouve dans le village de P\u00e2lis (600 habitants), sur la commune d\u2019Aix-Villemaur-P\u00e2lis, dans le d\u00e9partement de l'Aube en r\u00e9gion Grand Est.<\/p><p>Cet environnement harmonieux et silencieux est \u00e0 30 mn de Troyes et de Nogent sur Seine, \u00e0 1h d\u2019Essoyes et \u00e0 1h30 de Paris ou de Reims. Le village dispose d'une boulangerie-p\u00e2tisserie et d'une bo\u00eete postale. Les \u00ab facilit\u00e9s bancaires \u00bb les plus proches sont \u00e0 Aix en Othe (\u00e0 7 km) de m\u00eame que pharmacie et autres commerces de proximit\u00e9, ainsi que les supermarch\u00e9s.<br \/>Aix-en-othe propose \u00e9galement le mercredi et le samedi un march\u00e9 traditionnel.<\/p><p><strong>Mat\u00e9riel<br \/><\/strong>Il vous est recommand\u00e9 de venir avec tout ce qui est n\u00e9cessaire \u00e0 votre travail de cr\u00e9ation, ou de bien pr\u00e9voir les d\u00e9lais n\u00e9cessaires \u00e0 la livraison de votre commande (jusqu'\u00e0 trois semaines).<\/p><p><strong>Les Ateliers<br \/><\/strong>Situ\u00e9e dans le prolongement d'une ancienne ferme champenoise du 18\u00e8me si\u00e8cle, la ruelle des artistes comprend 5 ateliers individuels distribu\u00e9s par une large galerie ouvrant sur un parc arbor\u00e9 ( voir d\u00e9tails et photos ci-dessous ). Chaque atelier dispose d'une prise internet et l'utilisation de l'internet est disponible gratuitement pour les artistes en r\u00e9sidence.<\/p><p><strong>L'h\u00e9bergement<br \/><\/strong>Soit dans un studio ind\u00e9pendant avec salle de bain et kitchenette, soit dans une chambre individuelle avec salle de bain et Kitchenette et salle de s\u00e9jour \u00e9quip\u00e9e d'une chemin\u00e9e \u00e0 partager avec un autre r\u00e9sident.<\/p><p>Tous les artistes ont la responsabilit\u00e9 de garder leur chambre et les pi\u00e8ces communes propres. Draps ou de serviettes de bains seront fournis selon vos besoins.<br \/>Une machine \u00e0 laver est \u00e0 votre disposition pour vos v\u00eatements et vos serviettes de bain.<br \/>Tout au long du s\u00e9jour chacun veillera \u00e0 la propret\u00e9 et \u00e0 l'harmonie des lieux.<\/p><p><strong>Exigences techniques<br \/><\/strong>Un certain niveau d'autonomie et d'autosuffisance est attendu, mais surtout, n'h\u00e9sitez pas \u00e0 solliciter notre aide pour tout impr\u00e9vu, nous y r\u00e9pondrons dans la mesure de nos possibilit\u00e9s. Durant tout votre s\u00e9jour, il y aura constamment quelqu'un de l'association pr\u00e9sent sur le Domaine, n'h\u00e9sitez pas \u00e0 l\u2019appeler si n\u00e9cessaire.<\/p><p>[list]<\/p><p>[list_item icon=\"fa-calendar\"]Deadline : 31\/01\/2019[\/list_item]<\/p><p>[list_item icon=\"ss-signpost\"]Domaine Du Tournefou[\/list_item]<\/p><p>[list_item icon=\"ss-globe\"]P\u00e2lis[\/list_item]<\/p><p>[list_item icon=\"ss-share\"]<a href=\"http:\/\/pepinieres.eu\/call-tournefou2019-video\" target=\"_blank\" rel=\"noopener\">pepinieres.eu<\/a> - <a href=\"http:\/\/domainedutournefou.com\" target=\"_blank\" rel=\"noopener\">domainedutournefou.com<\/a> - <a href=\"http:\/\/museecamilleclaudel.fr\" target=\"_blank\" rel=\"noopener\">museecamilleclaudel.fr<\/a>[\/list_item]<\/p><p>[\/list]<\/p><p>[\/spb_text_block] [spb_text_block title=\"Production\" pb_margin_bottom=\"no\" pb_border_bottom=\"no\" el_class=\"post-prod\" width=\"1\/2\" el_position=\"last\"]<\/p><p>La r\u00e9sidence est port\u00e9e par le Mus\u00e9e Camille Claudel de Nogent-sur-Seine et par le Domainedu Tourne fou \u00e0 P\u00e2lis. En partenariat avec les P\u00e9pini\u00e8res Europ\u00e9ennes de Cr\u00e9ation.<\/p><p>\u00a0<\/p><div id=\"ConnectiveDocSignExtentionInstalled\" data-extension-version=\"1.0.4\">\u00a0<\/div>","_et_gb_content_width":"","footnotes":""},"categories":[31,129,97,121,104,111,2,117,100],"tags":[],"class_list":["post-14028","post","type-post","status-publish","format-standard","has-post-thumbnail","hentry","category-all-news-en","category-2019-en","category-agenda-en","category-calls-en","category-europe-en","category-france-en","category-news-en","category-residencies-en","category-video-arts-en"],"_links":{"self":[{"href":"http:\/\/pepinieres.eu\/en\/wp-json\/wp\/v2\/posts\/14028","targetHints":{"allow":["GET"]}}],"collection":[{"href":"http:\/\/pepinieres.eu\/en\/wp-json\/wp\/v2\/posts"}],"about":[{"href":"http:\/\/pepinieres.eu\/en\/wp-json\/wp\/v2\/types\/post"}],"author":[{"embeddable":true,"href":"http:\/\/pepinieres.eu\/en\/wp-json\/wp\/v2\/users\/1"}],"replies":[{"embeddable":true,"href":"http:\/\/pepinieres.eu\/en\/wp-json\/wp\/v2\/comments?post=14028"}],"version-history":[{"count":2,"href":"http:\/\/pepinieres.eu\/en\/wp-json\/wp\/v2\/posts\/14028\/revisions"}],"predecessor-version":[{"id":14035,"href":"http:\/\/pepinieres.eu\/en\/wp-json\/wp\/v2\/posts\/14028\/revisions\/14035"}],"wp:featuredmedia":[{"embeddable":true,"href":"http:\/\/pepinieres.eu\/en\/wp-json\/wp\/v2\/media\/12913"}],"wp:attachment":[{"href":"http:\/\/pepinieres.eu\/en\/wp-json\/wp\/v2\/media?parent=14028"}],"wp:term":[{"taxonomy":"category","embeddable":true,"href":"http:\/\/pepinieres.eu\/en\/wp-json\/wp\/v2\/categories?post=14028"},{"taxonomy":"post_tag","embeddable":true,"href":"http:\/\/pepinieres.eu\/en\/wp-json\/wp\/v2\/tags?post=14028"}],"curies":[{"name":"wp","href":"https:\/\/api.w.org\/{rel}","templated":true}]}}